
{"id":100943,"date":"2022-03-22T17:36:13","date_gmt":"2022-03-22T20:36:13","guid":{"rendered":"https:\/\/www.sudoestehoje.com.br\/novoportal\/?p=100943"},"modified":"2022-03-22T17:36:13","modified_gmt":"2022-03-22T20:36:13","slug":"acm-neto-acusa-governo-rui-costa-de-forjar-apoios-e-perseguir-prefeitos","status":"publish","type":"post","link":"https:\/\/www.sudoestehoje.com.br\/novoportal\/2022\/03\/22\/acm-neto-acusa-governo-rui-costa-de-forjar-apoios-e-perseguir-prefeitos\/","title":{"rendered":"ACM NETO ACUSA GOVERNO RUI COSTA DE FORJAR APOIOS E PERSEGUIR PREFEITOS"},"content":{"rendered":"<p><a href=\"https:\/\/www.sudoestehoje.com.br\/novoportal\/wp-content\/uploads\/2022\/03\/neto2.png\"><img loading=\"lazy\" decoding=\"async\" class=\"aligncenter size-medium wp-image-100944\" src=\"https:\/\/www.sudoestehoje.com.br\/novoportal\/wp-content\/uploads\/2022\/03\/neto2-500x350.png\" alt=\"\" width=\"500\" height=\"350\" srcset=\"https:\/\/www.sudoestehoje.com.br\/novoportal\/wp-content\/uploads\/2022\/03\/neto2-500x350.png 500w, https:\/\/www.sudoestehoje.com.br\/novoportal\/wp-content\/uploads\/2022\/03\/neto2.png 600w\" sizes=\"auto, (max-width: 500px) 100vw, 500px\" \/><\/a><\/p>\n<p>Em meio \u00e0s costuras pol\u00edticas para as elei\u00e7\u00f5es de outubro, com destaque para o desembarque do vice-governador Jo\u00e3o Le\u00e3o (PP) para o grupo de ACM Neto (UB), o e-prefeito de Salvador e pr\u00e9-candidato ao governo disse que a base de Rui Costa (PT) est\u00e1 \u201cde cabelo em p\u00e9\u201d diante da rapidez com que seu grupo conduziu a alian\u00e7a com o Progressistas.<\/p>\n<p>Em entrevista \u00e0 r\u00e1dio Sociedade, Neto disse ter quebrado um dos p\u00e9s da base de sustenta\u00e7\u00e3o do governo petista, afirmou que a gest\u00e3o estadual tem usado eventos protocolares no interior para forjar apoios de prefeitos e perseguir aqueles que se aproximam de seu grupo pol\u00edtico.<\/p>\n<p>\u201cMuitos prefeitos t\u00eam me procurado. N\u00e3o s\u00f3 do PP, do PSD, e, pasmem, inclusive do PT\u201d, contou ACM Neto, que disse aconselhar os gestores a receber o governador, garantir os conv\u00eanios e contratos, preservando o que \u00e9 interesse da popula\u00e7\u00e3o e a pol\u00edtica.<\/p>\n<p>\u201cO que o governo do estado tem feito \u00e9 isso, perseguido\u201d, afirmou Neto. \u201cDesceu a tinta no Di\u00e1rio Oficial e est\u00e1 amea\u00e7ando os prefeitos, dizendo \u2018se voc\u00ea estiver com Neto n\u00f3s vamos cortar isso\u2019\u201d, acusou o pr\u00e9-candidato. \u201cEu n\u00e3o trabalho com persegui\u00e7\u00e3o, se essa \u00e9 a linha e o estilo deles, esse n\u00e3o \u00e9 o meu\u201d, acrescentou o ex-prefeito.<\/p>\n","protected":false},"excerpt":{"rendered":"<p>Em meio \u00e0s costuras pol\u00edticas para as elei\u00e7\u00f5es de outubro, com destaque para o desembarque do vice-governador Jo\u00e3o Le\u00e3o (PP) para o grupo de ACM Neto (UB), o e-prefeito de Salvador e pr\u00e9-candidato ao governo disse que a base de Rui Costa (PT) est\u00e1 \u201cde cabelo em p\u00e9\u201d diante da rapidez com que seu grupo [&hellip;]<\/p>\n","protected":false},"author":2,"featured_media":100944,"comment_status":"open","ping_status":"open","sticky":false,"template":"","format":"standard","meta":{"footnotes":"","_links_to":"","_links_to_target":""},"categories":[1],"tags":[],"class_list":["post-100943","post","type-post","status-publish","format-standard","has-post-thumbnail","hentry","category-geral"],"views":873,"_links":{"self":[{"href":"https:\/\/www.sudoestehoje.com.br\/novoportal\/wp-json\/wp\/v2\/posts\/100943","targetHints":{"allow":["GET"]}}],"collection":[{"href":"https:\/\/www.sudoestehoje.com.br\/novoportal\/wp-json\/wp\/v2\/posts"}],"about":[{"href":"https:\/\/www.sudoestehoje.com.br\/novoportal\/wp-json\/wp\/v2\/types\/post"}],"author":[{"embeddable":true,"href":"https:\/\/www.sudoestehoje.com.br\/novoportal\/wp-json\/wp\/v2\/users\/2"}],"replies":[{"embeddable":true,"href":"https:\/\/www.sudoestehoje.com.br\/novoportal\/wp-json\/wp\/v2\/comments?post=100943"}],"version-history":[{"count":1,"href":"https:\/\/www.sudoestehoje.com.br\/novoportal\/wp-json\/wp\/v2\/posts\/100943\/revisions"}],"predecessor-version":[{"id":100945,"href":"https:\/\/www.sudoestehoje.com.br\/novoportal\/wp-json\/wp\/v2\/posts\/100943\/revisions\/100945"}],"wp:featuredmedia":[{"embeddable":true,"href":"https:\/\/www.sudoestehoje.com.br\/novoportal\/wp-json\/wp\/v2\/media\/100944"}],"wp:attachment":[{"href":"https:\/\/www.sudoestehoje.com.br\/novoportal\/wp-json\/wp\/v2\/media?parent=100943"}],"wp:term":[{"taxonomy":"category","embeddable":true,"href":"https:\/\/www.sudoestehoje.com.br\/novoportal\/wp-json\/wp\/v2\/categories?post=100943"},{"taxonomy":"post_tag","embeddable":true,"href":"https:\/\/www.sudoestehoje.com.br\/novoportal\/wp-json\/wp\/v2\/tags?post=100943"}],"curies":[{"name":"wp","href":"https:\/\/api.w.org\/{rel}","templated":true}]}}