
{"id":100931,"date":"2022-03-22T16:56:50","date_gmt":"2022-03-22T19:56:50","guid":{"rendered":"https:\/\/www.sudoestehoje.com.br\/novoportal\/?p=100931"},"modified":"2022-03-22T17:15:49","modified_gmt":"2022-03-22T20:15:49","slug":"tre-derruba-pesquisa-para-governador-vinculando-acm-neto-a-ciro-gomes","status":"publish","type":"post","link":"https:\/\/www.sudoestehoje.com.br\/novoportal\/2022\/03\/22\/tre-derruba-pesquisa-para-governador-vinculando-acm-neto-a-ciro-gomes\/","title":{"rendered":"TRE DERRUBA PESQUISA PARA GOVERNADOR VINCULANDO ACM NETO A CIRO GOMES PARA FAVORECER O PT"},"content":{"rendered":"<p><a href=\"https:\/\/www.sudoestehoje.com.br\/novoportal\/wp-content\/uploads\/2022\/03\/acm-neto-ciro-gomes-660x372-1.jpg\"><img loading=\"lazy\" decoding=\"async\" class=\"aligncenter size-medium wp-image-100932\" src=\"https:\/\/www.sudoestehoje.com.br\/novoportal\/wp-content\/uploads\/2022\/03\/acm-neto-ciro-gomes-660x372-1-500x282.jpg\" alt=\"\" width=\"500\" height=\"282\" srcset=\"https:\/\/www.sudoestehoje.com.br\/novoportal\/wp-content\/uploads\/2022\/03\/acm-neto-ciro-gomes-660x372-1-500x282.jpg 500w, https:\/\/www.sudoestehoje.com.br\/novoportal\/wp-content\/uploads\/2022\/03\/acm-neto-ciro-gomes-660x372-1.jpg 660w\" sizes=\"auto, (max-width: 500px) 100vw, 500px\" \/><\/a><\/p>\n<p>O desembargador Vicente Oliva Buratto, do Tribunal Regional Eleitoral da Bahia (TRE-BA), acolheu, em partes, pedido do Uni\u00e3o Brasil, sigla do ex-prefeito ACM Neto, contra o Instituo Opnus para a suspens\u00e3o da divulga\u00e7\u00e3o da \u00faltima pesquisa da corrida do governo da Bahia contratada pela r\u00e1dio Salvador FM. A decis\u00e3o da a\u00e7\u00e3o proposta pelo escrit\u00f3rio do advogado Ademir Ismerin foi proferida na segunda-feira (21) e abarca somente os \u00edndices com os apoios atrelados a pr\u00e9-candidatos a presidente.<\/p>\n<p>No levantamento, ACM Neto aparece vinculado ao nome de Ciro Gomes. O fato tem contrariado Neto que busca fazer uma campanha palanque aberto na Bahia e n\u00e3o anunciou e nem deve anunciar apoio formal a nenhum candidato a presid\u00eancia.<\/p>\n<p>O juiz determinou a imediata suspens\u00e3o da divulga\u00e7\u00e3o da \u201cpesquisa estimulada com apoios\u201d e a retirada das publicidades que veicularam o referido conte\u00fado nas redes sociais, Facebook, Whatsapp, Instagram, p\u00e1ginas na internet ou qualquer outra m\u00eddia digital, sob pena de pagamento de multa di\u00e1ria, arbitrada em R$5 mil.<\/p>\n","protected":false},"excerpt":{"rendered":"<p>O desembargador Vicente Oliva Buratto, do Tribunal Regional Eleitoral da Bahia (TRE-BA), acolheu, em partes, pedido do Uni\u00e3o Brasil, sigla do ex-prefeito ACM Neto, contra o Instituo Opnus para a suspens\u00e3o da divulga\u00e7\u00e3o da \u00faltima pesquisa da corrida do governo da Bahia contratada pela r\u00e1dio Salvador FM. A decis\u00e3o da a\u00e7\u00e3o proposta pelo escrit\u00f3rio do [&hellip;]<\/p>\n","protected":false},"author":2,"featured_media":100932,"comment_status":"open","ping_status":"open","sticky":false,"template":"","format":"standard","meta":{"footnotes":"","_links_to":"","_links_to_target":""},"categories":[1],"tags":[],"class_list":["post-100931","post","type-post","status-publish","format-standard","has-post-thumbnail","hentry","category-geral"],"views":1002,"_links":{"self":[{"href":"https:\/\/www.sudoestehoje.com.br\/novoportal\/wp-json\/wp\/v2\/posts\/100931","targetHints":{"allow":["GET"]}}],"collection":[{"href":"https:\/\/www.sudoestehoje.com.br\/novoportal\/wp-json\/wp\/v2\/posts"}],"about":[{"href":"https:\/\/www.sudoestehoje.com.br\/novoportal\/wp-json\/wp\/v2\/types\/post"}],"author":[{"embeddable":true,"href":"https:\/\/www.sudoestehoje.com.br\/novoportal\/wp-json\/wp\/v2\/users\/2"}],"replies":[{"embeddable":true,"href":"https:\/\/www.sudoestehoje.com.br\/novoportal\/wp-json\/wp\/v2\/comments?post=100931"}],"version-history":[{"count":4,"href":"https:\/\/www.sudoestehoje.com.br\/novoportal\/wp-json\/wp\/v2\/posts\/100931\/revisions"}],"predecessor-version":[{"id":100942,"href":"https:\/\/www.sudoestehoje.com.br\/novoportal\/wp-json\/wp\/v2\/posts\/100931\/revisions\/100942"}],"wp:featuredmedia":[{"embeddable":true,"href":"https:\/\/www.sudoestehoje.com.br\/novoportal\/wp-json\/wp\/v2\/media\/100932"}],"wp:attachment":[{"href":"https:\/\/www.sudoestehoje.com.br\/novoportal\/wp-json\/wp\/v2\/media?parent=100931"}],"wp:term":[{"taxonomy":"category","embeddable":true,"href":"https:\/\/www.sudoestehoje.com.br\/novoportal\/wp-json\/wp\/v2\/categories?post=100931"},{"taxonomy":"post_tag","embeddable":true,"href":"https:\/\/www.sudoestehoje.com.br\/novoportal\/wp-json\/wp\/v2\/tags?post=100931"}],"curies":[{"name":"wp","href":"https:\/\/api.w.org\/{rel}","templated":true}]}}