
{"id":100925,"date":"2022-03-22T09:10:26","date_gmt":"2022-03-22T12:10:26","guid":{"rendered":"https:\/\/www.sudoestehoje.com.br\/novoportal\/?p=100925"},"modified":"2022-03-22T10:30:38","modified_gmt":"2022-03-22T13:30:38","slug":"quarta-dose-da-vacina-para-idosos-sera-anunciada-esta-semana-pelo-governo","status":"publish","type":"post","link":"https:\/\/www.sudoestehoje.com.br\/novoportal\/2022\/03\/22\/quarta-dose-da-vacina-para-idosos-sera-anunciada-esta-semana-pelo-governo\/","title":{"rendered":"QUARTA DOSE DA VACINA PARA IDOSOS SER\u00c1 ANUNCIADA ESTA SEMANA PELO GOVERNO"},"content":{"rendered":"<p><a href=\"https:\/\/www.sudoestehoje.com.br\/novoportal\/wp-content\/uploads\/2022\/03\/03-03-2021-vacinacao-contra-covid-19-para-faixas-de-80-a-85-anos-rodrigo-clemente-pbh-100-5.jpg\"><img loading=\"lazy\" decoding=\"async\" class=\"aligncenter size-medium wp-image-100929\" src=\"https:\/\/www.sudoestehoje.com.br\/novoportal\/wp-content\/uploads\/2022\/03\/03-03-2021-vacinacao-contra-covid-19-para-faixas-de-80-a-85-anos-rodrigo-clemente-pbh-100-5-500x273.jpg\" alt=\"\" width=\"500\" height=\"273\" srcset=\"https:\/\/www.sudoestehoje.com.br\/novoportal\/wp-content\/uploads\/2022\/03\/03-03-2021-vacinacao-contra-covid-19-para-faixas-de-80-a-85-anos-rodrigo-clemente-pbh-100-5-500x273.jpg 500w, https:\/\/www.sudoestehoje.com.br\/novoportal\/wp-content\/uploads\/2022\/03\/03-03-2021-vacinacao-contra-covid-19-para-faixas-de-80-a-85-anos-rodrigo-clemente-pbh-100-5-700x382.jpg 700w, https:\/\/www.sudoestehoje.com.br\/novoportal\/wp-content\/uploads\/2022\/03\/03-03-2021-vacinacao-contra-covid-19-para-faixas-de-80-a-85-anos-rodrigo-clemente-pbh-100-5-768x419.jpg 768w, https:\/\/www.sudoestehoje.com.br\/novoportal\/wp-content\/uploads\/2022\/03\/03-03-2021-vacinacao-contra-covid-19-para-faixas-de-80-a-85-anos-rodrigo-clemente-pbh-100-5.jpg 770w\" sizes=\"auto, (max-width: 500px) 100vw, 500px\" \/><\/a><\/p>\n<p>O Minist\u00e9rio da Sa\u00fade vai anunciar o in\u00edcio da aplica\u00e7\u00e3o da vacina contra a Covid-19 em idosos a partir dos 80 anos de idade. A divulga\u00e7\u00e3o deve ocorrer nesta semana.<\/p>\n<p>O ministro Marcelo Queiroga viajou nesta segunda-feira (21) para Montevid\u00e9u e volta para o Brasil na ter\u00e7a-feira (22) \u00e0 noite. O an\u00fancio pode ser feito antes da viagem dele a Angola na quarta-feira.<\/p>\n","protected":false},"excerpt":{"rendered":"<p>O Minist\u00e9rio da Sa\u00fade vai anunciar o in\u00edcio da aplica\u00e7\u00e3o da vacina contra a Covid-19 em idosos a partir dos 80 anos de idade. A divulga\u00e7\u00e3o deve ocorrer nesta semana. O ministro Marcelo Queiroga viajou nesta segunda-feira (21) para Montevid\u00e9u e volta para o Brasil na ter\u00e7a-feira (22) \u00e0 noite. O an\u00fancio pode ser feito [&hellip;]<\/p>\n","protected":false},"author":2,"featured_media":100929,"comment_status":"open","ping_status":"open","sticky":false,"template":"","format":"standard","meta":{"footnotes":"","_links_to":"","_links_to_target":""},"categories":[1],"tags":[],"class_list":["post-100925","post","type-post","status-publish","format-standard","has-post-thumbnail","hentry","category-geral"],"views":788,"_links":{"self":[{"href":"https:\/\/www.sudoestehoje.com.br\/novoportal\/wp-json\/wp\/v2\/posts\/100925","targetHints":{"allow":["GET"]}}],"collection":[{"href":"https:\/\/www.sudoestehoje.com.br\/novoportal\/wp-json\/wp\/v2\/posts"}],"about":[{"href":"https:\/\/www.sudoestehoje.com.br\/novoportal\/wp-json\/wp\/v2\/types\/post"}],"author":[{"embeddable":true,"href":"https:\/\/www.sudoestehoje.com.br\/novoportal\/wp-json\/wp\/v2\/users\/2"}],"replies":[{"embeddable":true,"href":"https:\/\/www.sudoestehoje.com.br\/novoportal\/wp-json\/wp\/v2\/comments?post=100925"}],"version-history":[{"count":4,"href":"https:\/\/www.sudoestehoje.com.br\/novoportal\/wp-json\/wp\/v2\/posts\/100925\/revisions"}],"predecessor-version":[{"id":100930,"href":"https:\/\/www.sudoestehoje.com.br\/novoportal\/wp-json\/wp\/v2\/posts\/100925\/revisions\/100930"}],"wp:featuredmedia":[{"embeddable":true,"href":"https:\/\/www.sudoestehoje.com.br\/novoportal\/wp-json\/wp\/v2\/media\/100929"}],"wp:attachment":[{"href":"https:\/\/www.sudoestehoje.com.br\/novoportal\/wp-json\/wp\/v2\/media?parent=100925"}],"wp:term":[{"taxonomy":"category","embeddable":true,"href":"https:\/\/www.sudoestehoje.com.br\/novoportal\/wp-json\/wp\/v2\/categories?post=100925"},{"taxonomy":"post_tag","embeddable":true,"href":"https:\/\/www.sudoestehoje.com.br\/novoportal\/wp-json\/wp\/v2\/tags?post=100925"}],"curies":[{"name":"wp","href":"https:\/\/api.w.org\/{rel}","templated":true}]}}