
{"id":100914,"date":"2022-03-21T09:37:16","date_gmt":"2022-03-21T12:37:16","guid":{"rendered":"https:\/\/www.sudoestehoje.com.br\/novoportal\/?p=100914"},"modified":"2022-03-21T09:37:16","modified_gmt":"2022-03-21T12:37:16","slug":"pesquisa-opnus-acm-neto-dispara-e-lidera-em-todos-os-cenarios-para-governador","status":"publish","type":"post","link":"https:\/\/www.sudoestehoje.com.br\/novoportal\/2022\/03\/21\/pesquisa-opnus-acm-neto-dispara-e-lidera-em-todos-os-cenarios-para-governador\/","title":{"rendered":"PESQUISA OPNUS | ACM NETO DISPARA E LIDERA EM TODOS OS CEN\u00c1RIOS PARA GOVERNADOR"},"content":{"rendered":"<p><a href=\"https:\/\/www.sudoestehoje.com.br\/novoportal\/wp-content\/uploads\/2022\/03\/acmneto-1-1000x530-1-1.jpg\"><img loading=\"lazy\" decoding=\"async\" class=\"aligncenter size-medium wp-image-100917\" src=\"https:\/\/www.sudoestehoje.com.br\/novoportal\/wp-content\/uploads\/2022\/03\/acmneto-1-1000x530-1-1-500x265.jpg\" alt=\"\" width=\"500\" height=\"265\" srcset=\"https:\/\/www.sudoestehoje.com.br\/novoportal\/wp-content\/uploads\/2022\/03\/acmneto-1-1000x530-1-1-500x265.jpg 500w, https:\/\/www.sudoestehoje.com.br\/novoportal\/wp-content\/uploads\/2022\/03\/acmneto-1-1000x530-1-1-700x371.jpg 700w, https:\/\/www.sudoestehoje.com.br\/novoportal\/wp-content\/uploads\/2022\/03\/acmneto-1-1000x530-1-1-768x407.jpg 768w, https:\/\/www.sudoestehoje.com.br\/novoportal\/wp-content\/uploads\/2022\/03\/acmneto-1-1000x530-1-1.jpg 1000w\" sizes=\"auto, (max-width: 500px) 100vw, 500px\" \/><\/a><\/p>\n<p>Uma pesquisa realizada pelo Instituto Opnus e divulgada nesta segunda-feira (21) pela r\u00e1dio\u00a0<em>Nova Salvado<\/em>r, mostra que o pr\u00e9-candidato ao Governo da Bahia, ACM Neto (Uni\u00e3o Brasil), segue na lideran\u00e7a nas inten\u00e7\u00f5es de voto. O levantamento mostra uma mudan\u00e7a, inclusive, quando o nome do ex-prefeito de Salvador e de seus advers\u00e1rios s\u00e3o vinculados a presidenci\u00e1veis.<\/p>\n<p>Nas pesquisas anteriores, Neto aparecia em desvantagem quando o ent\u00e3o pr\u00e9-candidato do PT, o senador Jaques Wagner, tinha seu nome vinculado ao apoio do ex-presidente Lula. Agora, com o nome de Jer\u00f4nimo Rodrigues, atual pr\u00e9-candidato do grupo governista, aparece ao lado de Lula e do governador Rui Costa, Neto aparece na frente, tendo seu nome relacionado ao apoio de Ciro Gomes (PDT).<\/p>\n<p><strong>Na inten\u00e7\u00e3o de voto espont\u00e2nea, quando o nome do candidato n\u00e3o \u00e9 citado, ACM Neto aparece com 29%. Nesse cen\u00e1rio, s\u00e3o citados ainda os nomes de Rui Costa (9%) e Jaques Wagner (3%). Jo\u00e3o Roma (Republicanos) aparece com 4% e Jer\u00f4nimo Rodrigues 2%. Outros 46% n\u00e3o sabem ou n\u00e3o responderam.<\/strong><\/p>\n<p><strong>J\u00e1 no cen\u00e1rio estimulado, Neto dispara com 65% das inten\u00e7\u00f5es de voto, seguido por Jo\u00e3o Roma (8%), Jer\u00f4nimo Rodrigues (6%) e Kleber Rosa, do PSOL (1%). Brancos e nulos somam 6% e outros 14% n\u00e3o responderam.<\/strong><\/p>\n<p>No cen\u00e1rio estimulado com apoio, ACM Neto tem 41% quando vinculado ao nome de Ciro Gomes. Jer\u00f4nimo aparece com 33% quando vinculado ao apoio de Lula e Rui Costa. J\u00e1 Jo\u00e3o Roma tem 14% com o apoio do presidente Jair Bolsonaro (PL) e Kleber Rosa tem 1% com o apoio de Guilherme Boulos (PSOL). Brancos e nulos somam 4% e outros 7% n\u00e3o sabem ou n\u00e3o responderam.<\/p>\n<p><strong>Potencial de voto e rejei\u00e7\u00e3o<\/strong><\/p>\n<p>A pesquisa tamb\u00e9m fez o levantamento a respeito do potencial de voto e rejei\u00e7\u00e3o dos nomes que se colocam na disputa pelo Pal\u00e1cio de Ondina. Nesse levantamento, 46% afirmam que, com certeza, votariam em ACM Neto. Por outro lado, 43% dizem n\u00e3o conhecer Jer\u00f4nimo Rodrigues o suficiente, percentual pr\u00f3ximo ao de Jo\u00e3o Roma nesse mesmo \u00edndice (45%). A maior rejei\u00e7\u00e3o \u00e9 para o candidato do PSOL, Kleber Rosa, no qual 34% dizem que n\u00e3o votariam, percentual pr\u00f3ximo tamb\u00e9m \u00e0 rejei\u00e7\u00e3o para Jo\u00e3o Roma (33%).<\/p>\n","protected":false},"excerpt":{"rendered":"<p>Uma pesquisa realizada pelo Instituto Opnus e divulgada nesta segunda-feira (21) pela r\u00e1dio\u00a0Nova Salvador, mostra que o pr\u00e9-candidato ao Governo da Bahia, ACM Neto (Uni\u00e3o Brasil), segue na lideran\u00e7a nas inten\u00e7\u00f5es de voto. O levantamento mostra uma mudan\u00e7a, inclusive, quando o nome do ex-prefeito de Salvador e de seus advers\u00e1rios s\u00e3o vinculados a presidenci\u00e1veis. Nas [&hellip;]<\/p>\n","protected":false},"author":2,"featured_media":100916,"comment_status":"open","ping_status":"open","sticky":false,"template":"","format":"standard","meta":{"footnotes":"","_links_to":"","_links_to_target":""},"categories":[1],"tags":[],"class_list":["post-100914","post","type-post","status-publish","format-standard","has-post-thumbnail","hentry","category-geral"],"views":1181,"_links":{"self":[{"href":"https:\/\/www.sudoestehoje.com.br\/novoportal\/wp-json\/wp\/v2\/posts\/100914","targetHints":{"allow":["GET"]}}],"collection":[{"href":"https:\/\/www.sudoestehoje.com.br\/novoportal\/wp-json\/wp\/v2\/posts"}],"about":[{"href":"https:\/\/www.sudoestehoje.com.br\/novoportal\/wp-json\/wp\/v2\/types\/post"}],"author":[{"embeddable":true,"href":"https:\/\/www.sudoestehoje.com.br\/novoportal\/wp-json\/wp\/v2\/users\/2"}],"replies":[{"embeddable":true,"href":"https:\/\/www.sudoestehoje.com.br\/novoportal\/wp-json\/wp\/v2\/comments?post=100914"}],"version-history":[{"count":2,"href":"https:\/\/www.sudoestehoje.com.br\/novoportal\/wp-json\/wp\/v2\/posts\/100914\/revisions"}],"predecessor-version":[{"id":100918,"href":"https:\/\/www.sudoestehoje.com.br\/novoportal\/wp-json\/wp\/v2\/posts\/100914\/revisions\/100918"}],"wp:featuredmedia":[{"embeddable":true,"href":"https:\/\/www.sudoestehoje.com.br\/novoportal\/wp-json\/wp\/v2\/media\/100916"}],"wp:attachment":[{"href":"https:\/\/www.sudoestehoje.com.br\/novoportal\/wp-json\/wp\/v2\/media?parent=100914"}],"wp:term":[{"taxonomy":"category","embeddable":true,"href":"https:\/\/www.sudoestehoje.com.br\/novoportal\/wp-json\/wp\/v2\/categories?post=100914"},{"taxonomy":"post_tag","embeddable":true,"href":"https:\/\/www.sudoestehoje.com.br\/novoportal\/wp-json\/wp\/v2\/tags?post=100914"}],"curies":[{"name":"wp","href":"https:\/\/api.w.org\/{rel}","templated":true}]}}