
{"id":100905,"date":"2022-03-19T18:45:27","date_gmt":"2022-03-19T21:45:27","guid":{"rendered":"https:\/\/www.sudoestehoje.com.br\/novoportal\/?p=100905"},"modified":"2022-03-19T18:46:09","modified_gmt":"2022-03-19T21:46:09","slug":"itapetinga-credito-do-rateio-do-fundeb-2021-cai-na-conta-nesta-segunda-feira","status":"publish","type":"post","link":"https:\/\/www.sudoestehoje.com.br\/novoportal\/2022\/03\/19\/itapetinga-credito-do-rateio-do-fundeb-2021-cai-na-conta-nesta-segunda-feira\/","title":{"rendered":"ITAPETINGA | CR\u00c9DITO DO RATEIO DO FUNDEB 2021 CAI NA CONTA NESTA SEGUNDA-FEIRA"},"content":{"rendered":"<p><a href=\"https:\/\/www.sudoestehoje.com.br\/novoportal\/wp-content\/uploads\/2022\/03\/FUNDEB.jpg\"><img loading=\"lazy\" decoding=\"async\" class=\"aligncenter size-full wp-image-100908\" src=\"https:\/\/www.sudoestehoje.com.br\/novoportal\/wp-content\/uploads\/2022\/03\/FUNDEB.jpg\" alt=\"\" width=\"450\" height=\"341\" \/><\/a><\/p>\n<p>A Secretaria Municipal de Educa\u00e7\u00e3o de Itapetinga informou, nesta sexta-feira (18),\u00a0 que em atendimento \u00e0 Lei Municipal n\u00ba 1.531\/2022, a prefeitura far\u00e1 o cr\u00e9dito do rateio do FUNDEB-2021 na segunda-feira (21) aos professores e funcion\u00e1rios efetivos e contratados que estiveram na folha de pagamento da Secretaria de Educa\u00e7\u00e3o por pelo menos 6 (seis) meses no per\u00edodo de mar\u00e7o a dezembro de 2021.<\/p>\n<p><strong>CONFIRA VALORES:<\/strong><\/p>\n<p><strong>1. PROFESSORES EFETIVOS\/40H: R$ 5.015,84<\/strong><br \/>\n<strong>2. PROFESSORES EFETIVOS\/CONTRATADOS\/20H e FUNCION\u00c1RIOS N\u00c3O DOCENTES EFETIVOS e CONTRATADOS: R$ 2.507,92<\/strong><\/p>\n","protected":false},"excerpt":{"rendered":"<p>A Secretaria Municipal de Educa\u00e7\u00e3o de Itapetinga informou, nesta sexta-feira (18),\u00a0 que em atendimento \u00e0 Lei Municipal n\u00ba 1.531\/2022, a prefeitura far\u00e1 o cr\u00e9dito do rateio do FUNDEB-2021 na segunda-feira (21) aos professores e funcion\u00e1rios efetivos e contratados que estiveram na folha de pagamento da Secretaria de Educa\u00e7\u00e3o por pelo menos 6 (seis) meses no [&hellip;]<\/p>\n","protected":false},"author":2,"featured_media":100908,"comment_status":"open","ping_status":"open","sticky":false,"template":"","format":"standard","meta":{"footnotes":"","_links_to":"","_links_to_target":""},"categories":[1],"tags":[],"class_list":["post-100905","post","type-post","status-publish","format-standard","has-post-thumbnail","hentry","category-geral"],"views":1250,"_links":{"self":[{"href":"https:\/\/www.sudoestehoje.com.br\/novoportal\/wp-json\/wp\/v2\/posts\/100905","targetHints":{"allow":["GET"]}}],"collection":[{"href":"https:\/\/www.sudoestehoje.com.br\/novoportal\/wp-json\/wp\/v2\/posts"}],"about":[{"href":"https:\/\/www.sudoestehoje.com.br\/novoportal\/wp-json\/wp\/v2\/types\/post"}],"author":[{"embeddable":true,"href":"https:\/\/www.sudoestehoje.com.br\/novoportal\/wp-json\/wp\/v2\/users\/2"}],"replies":[{"embeddable":true,"href":"https:\/\/www.sudoestehoje.com.br\/novoportal\/wp-json\/wp\/v2\/comments?post=100905"}],"version-history":[{"count":4,"href":"https:\/\/www.sudoestehoje.com.br\/novoportal\/wp-json\/wp\/v2\/posts\/100905\/revisions"}],"predecessor-version":[{"id":100910,"href":"https:\/\/www.sudoestehoje.com.br\/novoportal\/wp-json\/wp\/v2\/posts\/100905\/revisions\/100910"}],"wp:featuredmedia":[{"embeddable":true,"href":"https:\/\/www.sudoestehoje.com.br\/novoportal\/wp-json\/wp\/v2\/media\/100908"}],"wp:attachment":[{"href":"https:\/\/www.sudoestehoje.com.br\/novoportal\/wp-json\/wp\/v2\/media?parent=100905"}],"wp:term":[{"taxonomy":"category","embeddable":true,"href":"https:\/\/www.sudoestehoje.com.br\/novoportal\/wp-json\/wp\/v2\/categories?post=100905"},{"taxonomy":"post_tag","embeddable":true,"href":"https:\/\/www.sudoestehoje.com.br\/novoportal\/wp-json\/wp\/v2\/tags?post=100905"}],"curies":[{"name":"wp","href":"https:\/\/api.w.org\/{rel}","templated":true}]}}