
{"id":100901,"date":"2022-03-19T01:57:35","date_gmt":"2022-03-19T04:57:35","guid":{"rendered":"https:\/\/www.sudoestehoje.com.br\/novoportal\/?p=100901"},"modified":"2022-03-19T01:59:30","modified_gmt":"2022-03-19T04:59:30","slug":"nota-de-falecimento-aliomar-lopes-ferraz-da-itaigara-lanches","status":"publish","type":"post","link":"https:\/\/www.sudoestehoje.com.br\/novoportal\/2022\/03\/19\/nota-de-falecimento-aliomar-lopes-ferraz-da-itaigara-lanches\/","title":{"rendered":"NOTA DE FALECIMENTO: ALIOMAR LOPES FERRAZ, DA ITAIGARA LANCHES"},"content":{"rendered":"<p><a href=\"https:\/\/www.sudoestehoje.com.br\/novoportal\/wp-content\/uploads\/2022\/03\/WhatsApp-Image-2022-03-19-at-01.55.05.jpeg\"><img loading=\"lazy\" decoding=\"async\" class=\"aligncenter size-medium wp-image-100902\" src=\"https:\/\/www.sudoestehoje.com.br\/novoportal\/wp-content\/uploads\/2022\/03\/WhatsApp-Image-2022-03-19-at-01.55.05-500x452.jpeg\" alt=\"\" width=\"500\" height=\"452\" srcset=\"https:\/\/www.sudoestehoje.com.br\/novoportal\/wp-content\/uploads\/2022\/03\/WhatsApp-Image-2022-03-19-at-01.55.05-500x452.jpeg 500w, https:\/\/www.sudoestehoje.com.br\/novoportal\/wp-content\/uploads\/2022\/03\/WhatsApp-Image-2022-03-19-at-01.55.05-700x632.jpeg 700w, https:\/\/www.sudoestehoje.com.br\/novoportal\/wp-content\/uploads\/2022\/03\/WhatsApp-Image-2022-03-19-at-01.55.05-768x694.jpeg 768w, https:\/\/www.sudoestehoje.com.br\/novoportal\/wp-content\/uploads\/2022\/03\/WhatsApp-Image-2022-03-19-at-01.55.05.jpeg 1014w\" sizes=\"auto, (max-width: 500px) 100vw, 500px\" \/><\/a><\/p>\n<p>Faleceu nesta sexta-feira (18), o comerciante Aliomar Ferraz de Oliveira, s\u00f3cio propriet\u00e1rio da Itaigara Lanches, localizada no centro comercial de Itapetinga.<\/p>\n<p>De acordo com informa\u00e7\u00f5es de familiares e amigos, Aliomar estava em tratamento e veio a \u00f3bito de causas naturais, em Vit\u00f3ria da Conquista.<\/p>\n<p>O Sudoeste Hoje lamenta a passagem do parente e amigo, estendendo o seu pesar a toda a fam\u00edlia Ferraz e amigos de Aliomar.<\/p>\n<p><strong><em>Davi Ferraz<\/em><\/strong><\/p>\n","protected":false},"excerpt":{"rendered":"<p>Faleceu nesta sexta-feira (18), o comerciante Aliomar Ferraz de Oliveira, s\u00f3cio propriet\u00e1rio da Itaigara Lanches, localizada no centro comercial de Itapetinga. De acordo com informa\u00e7\u00f5es de familiares e amigos, Aliomar estava em tratamento e veio a \u00f3bito de causas naturais, em Vit\u00f3ria da Conquista. O Sudoeste Hoje lamenta a passagem do parente e amigo, estendendo [&hellip;]<\/p>\n","protected":false},"author":2,"featured_media":100902,"comment_status":"open","ping_status":"open","sticky":false,"template":"","format":"standard","meta":{"footnotes":"","_links_to":"","_links_to_target":""},"categories":[1],"tags":[],"class_list":["post-100901","post","type-post","status-publish","format-standard","has-post-thumbnail","hentry","category-geral"],"views":1987,"_links":{"self":[{"href":"https:\/\/www.sudoestehoje.com.br\/novoportal\/wp-json\/wp\/v2\/posts\/100901","targetHints":{"allow":["GET"]}}],"collection":[{"href":"https:\/\/www.sudoestehoje.com.br\/novoportal\/wp-json\/wp\/v2\/posts"}],"about":[{"href":"https:\/\/www.sudoestehoje.com.br\/novoportal\/wp-json\/wp\/v2\/types\/post"}],"author":[{"embeddable":true,"href":"https:\/\/www.sudoestehoje.com.br\/novoportal\/wp-json\/wp\/v2\/users\/2"}],"replies":[{"embeddable":true,"href":"https:\/\/www.sudoestehoje.com.br\/novoportal\/wp-json\/wp\/v2\/comments?post=100901"}],"version-history":[{"count":1,"href":"https:\/\/www.sudoestehoje.com.br\/novoportal\/wp-json\/wp\/v2\/posts\/100901\/revisions"}],"predecessor-version":[{"id":100903,"href":"https:\/\/www.sudoestehoje.com.br\/novoportal\/wp-json\/wp\/v2\/posts\/100901\/revisions\/100903"}],"wp:featuredmedia":[{"embeddable":true,"href":"https:\/\/www.sudoestehoje.com.br\/novoportal\/wp-json\/wp\/v2\/media\/100902"}],"wp:attachment":[{"href":"https:\/\/www.sudoestehoje.com.br\/novoportal\/wp-json\/wp\/v2\/media?parent=100901"}],"wp:term":[{"taxonomy":"category","embeddable":true,"href":"https:\/\/www.sudoestehoje.com.br\/novoportal\/wp-json\/wp\/v2\/categories?post=100901"},{"taxonomy":"post_tag","embeddable":true,"href":"https:\/\/www.sudoestehoje.com.br\/novoportal\/wp-json\/wp\/v2\/tags?post=100901"}],"curies":[{"name":"wp","href":"https:\/\/api.w.org\/{rel}","templated":true}]}}