
{"id":100894,"date":"2022-03-19T00:43:18","date_gmt":"2022-03-19T03:43:18","guid":{"rendered":"https:\/\/www.sudoestehoje.com.br\/novoportal\/?p=100894"},"modified":"2022-03-19T00:44:44","modified_gmt":"2022-03-19T03:44:44","slug":"lucio-diz-que-mdb-nao-tem-nada-acertado-com-nenhum-candidato-ao-governo-da-bahia","status":"publish","type":"post","link":"https:\/\/www.sudoestehoje.com.br\/novoportal\/2022\/03\/19\/lucio-diz-que-mdb-nao-tem-nada-acertado-com-nenhum-candidato-ao-governo-da-bahia\/","title":{"rendered":"L\u00daCIO DIZ QUE MDB N\u00c3O TEM NADA ACERTADO COM NENHUM CANDIDATO A GOVERNADOR"},"content":{"rendered":"<p><a href=\"https:\/\/www.sudoestehoje.com.br\/novoportal\/wp-content\/uploads\/2022\/03\/988795-dfdsc_6088.jpg\"><img loading=\"lazy\" decoding=\"async\" class=\"aligncenter size-medium wp-image-100896\" src=\"https:\/\/www.sudoestehoje.com.br\/novoportal\/wp-content\/uploads\/2022\/03\/988795-dfdsc_6088-500x299.jpg\" alt=\"\" width=\"500\" height=\"299\" srcset=\"https:\/\/www.sudoestehoje.com.br\/novoportal\/wp-content\/uploads\/2022\/03\/988795-dfdsc_6088-500x299.jpg 500w, https:\/\/www.sudoestehoje.com.br\/novoportal\/wp-content\/uploads\/2022\/03\/988795-dfdsc_6088-700x419.jpg 700w, https:\/\/www.sudoestehoje.com.br\/novoportal\/wp-content\/uploads\/2022\/03\/988795-dfdsc_6088-768x459.jpg 768w, https:\/\/www.sudoestehoje.com.br\/novoportal\/wp-content\/uploads\/2022\/03\/988795-dfdsc_6088.jpg 1170w\" sizes=\"auto, (max-width: 500px) 100vw, 500px\" \/><\/a><\/p>\n<p>O presidente de honra do MDB baiano, L\u00facio Vieira Lima, voltou a dizer nesta sexta-feira (18) que o partido ainda n\u00e3o tem data para anunciar quem vai apoiar na disputa pelo governo da Bahia nas elei\u00e7\u00f5es de outubro.<\/p>\n<p>Ao bahia.ba<strong>,<\/strong> o ex-deputado federal ressaltou que prefere esperar mais um pouco para definir o apoio e reafirmou que o MDB continua conversando com todos os pr\u00e9-candidatos ao Pal\u00e1cio de Ondina.<\/p>\n<p>L\u00facio negou que a sigla tenha fechado com ACM Neto (UB) e falou sobre o assunto com bom humor.<em>\u00a0\u201cN\u00e3o tem data de an\u00fancio, n\u00e3o tem defini\u00e7\u00e3o, n\u00e3o tem nada acertado e n\u00e3o tem pressa. O MDB conversa com todo mundo e continua conversando. N\u00e3o sei de onde vem essa afoba\u00e7\u00e3o. Queremos um projeto para a Bahia. Continuamos dialogando. \u00c9 o que eu disse e continuo dizendo, vamos conversar\u201d<\/em>, destacou Vieira Lima.<\/p>\n","protected":false},"excerpt":{"rendered":"<p>O presidente de honra do MDB baiano, L\u00facio Vieira Lima, voltou a dizer nesta sexta-feira (18) que o partido ainda n\u00e3o tem data para anunciar quem vai apoiar na disputa pelo governo da Bahia nas elei\u00e7\u00f5es de outubro. Ao bahia.ba, o ex-deputado federal ressaltou que prefere esperar mais um pouco para definir o apoio e [&hellip;]<\/p>\n","protected":false},"author":2,"featured_media":100896,"comment_status":"open","ping_status":"open","sticky":false,"template":"","format":"standard","meta":{"footnotes":"","_links_to":"","_links_to_target":""},"categories":[1],"tags":[],"class_list":["post-100894","post","type-post","status-publish","format-standard","has-post-thumbnail","hentry","category-geral"],"views":1100,"_links":{"self":[{"href":"https:\/\/www.sudoestehoje.com.br\/novoportal\/wp-json\/wp\/v2\/posts\/100894","targetHints":{"allow":["GET"]}}],"collection":[{"href":"https:\/\/www.sudoestehoje.com.br\/novoportal\/wp-json\/wp\/v2\/posts"}],"about":[{"href":"https:\/\/www.sudoestehoje.com.br\/novoportal\/wp-json\/wp\/v2\/types\/post"}],"author":[{"embeddable":true,"href":"https:\/\/www.sudoestehoje.com.br\/novoportal\/wp-json\/wp\/v2\/users\/2"}],"replies":[{"embeddable":true,"href":"https:\/\/www.sudoestehoje.com.br\/novoportal\/wp-json\/wp\/v2\/comments?post=100894"}],"version-history":[{"count":5,"href":"https:\/\/www.sudoestehoje.com.br\/novoportal\/wp-json\/wp\/v2\/posts\/100894\/revisions"}],"predecessor-version":[{"id":100900,"href":"https:\/\/www.sudoestehoje.com.br\/novoportal\/wp-json\/wp\/v2\/posts\/100894\/revisions\/100900"}],"wp:featuredmedia":[{"embeddable":true,"href":"https:\/\/www.sudoestehoje.com.br\/novoportal\/wp-json\/wp\/v2\/media\/100896"}],"wp:attachment":[{"href":"https:\/\/www.sudoestehoje.com.br\/novoportal\/wp-json\/wp\/v2\/media?parent=100894"}],"wp:term":[{"taxonomy":"category","embeddable":true,"href":"https:\/\/www.sudoestehoje.com.br\/novoportal\/wp-json\/wp\/v2\/categories?post=100894"},{"taxonomy":"post_tag","embeddable":true,"href":"https:\/\/www.sudoestehoje.com.br\/novoportal\/wp-json\/wp\/v2\/tags?post=100894"}],"curies":[{"name":"wp","href":"https:\/\/api.w.org\/{rel}","templated":true}]}}