
{"id":100890,"date":"2022-03-19T00:11:01","date_gmt":"2022-03-19T03:11:01","guid":{"rendered":"https:\/\/www.sudoestehoje.com.br\/novoportal\/?p=100890"},"modified":"2022-03-19T00:11:01","modified_gmt":"2022-03-19T03:11:01","slug":"casos-de-covid-19-na-bahia-caem-mais-de-91-em-apenas-um-mes-diz-sesab","status":"publish","type":"post","link":"https:\/\/www.sudoestehoje.com.br\/novoportal\/2022\/03\/19\/casos-de-covid-19-na-bahia-caem-mais-de-91-em-apenas-um-mes-diz-sesab\/","title":{"rendered":"CASOS DE COVID-19 NA BAHIA CAEM MAIS DE 91% EM APENAS UM M\u00caS, DIZ SESAB"},"content":{"rendered":"<p><a href=\"https:\/\/www.sudoestehoje.com.br\/novoportal\/wp-content\/uploads\/2022\/03\/afp-kit-teste-covid-19-franca-1500-04062021133411961_widelg.jpeg\"><img loading=\"lazy\" decoding=\"async\" class=\"aligncenter size-medium wp-image-100892\" src=\"https:\/\/www.sudoestehoje.com.br\/novoportal\/wp-content\/uploads\/2022\/03\/afp-kit-teste-covid-19-franca-1500-04062021133411961_widelg-500x272.jpeg\" alt=\"\" width=\"500\" height=\"272\" srcset=\"https:\/\/www.sudoestehoje.com.br\/novoportal\/wp-content\/uploads\/2022\/03\/afp-kit-teste-covid-19-franca-1500-04062021133411961_widelg-500x272.jpeg 500w, https:\/\/www.sudoestehoje.com.br\/novoportal\/wp-content\/uploads\/2022\/03\/afp-kit-teste-covid-19-franca-1500-04062021133411961_widelg-700x381.jpeg 700w, https:\/\/www.sudoestehoje.com.br\/novoportal\/wp-content\/uploads\/2022\/03\/afp-kit-teste-covid-19-franca-1500-04062021133411961_widelg-768x418.jpeg 768w, https:\/\/www.sudoestehoje.com.br\/novoportal\/wp-content\/uploads\/2022\/03\/afp-kit-teste-covid-19-franca-1500-04062021133411961_widelg.jpeg 771w\" sizes=\"auto, (max-width: 500px) 100vw, 500px\" \/><\/a><\/p>\n<p>Em um m\u00eas, os casos de Covid na Bahia ca\u00edram 91,13%, de acordo com os dados divulgados pela Secretaria de Sa\u00fade do Estado, atrav\u00e9s do boletim epidemiol\u00f3gico. Em 18 de fevereiro, eram 21.351 casos ativos da doen\u00e7a, enquanto que nesta sexta-feira, 18 de mar\u00e7o, s\u00e3o 1.893.<\/p>\n<p>Nas \u00faltimas 24 horas foram registradas 1.381 novos casos da doen\u00e7a e 17 pessoas mortas em decorr\u00eancia de complica\u00e7\u00f5es com o Sars cov 2, totalizando 1.523.476 casos e 29.566 \u00f3bitos desde o in\u00edcio da pandemia.<\/p>\n<p><strong>Vacina\u00e7\u00e3o<\/strong><\/p>\n<p>Ainda de acordo com a Sesab, j\u00e1 s\u00e3o 11.417.255 pessoas vacinadas com a primeira dose, 10.452.572 com a segunda dose ou dose \u00fanica e 4.427.315 com a dose de refor\u00e7o. Do p\u00fablico de 5 a 11 anos, 738.356 crian\u00e7as j\u00e1 foram imunizadas com a primeira dose e 67.673 j\u00e1 tomaram a segunda dose.<\/p>\n","protected":false},"excerpt":{"rendered":"<p>Em um m\u00eas, os casos de Covid na Bahia ca\u00edram 91,13%, de acordo com os dados divulgados pela Secretaria de Sa\u00fade do Estado, atrav\u00e9s do boletim epidemiol\u00f3gico. Em 18 de fevereiro, eram 21.351 casos ativos da doen\u00e7a, enquanto que nesta sexta-feira, 18 de mar\u00e7o, s\u00e3o 1.893. Nas \u00faltimas 24 horas foram registradas 1.381 novos casos [&hellip;]<\/p>\n","protected":false},"author":2,"featured_media":100892,"comment_status":"open","ping_status":"open","sticky":false,"template":"","format":"standard","meta":{"footnotes":"","_links_to":"","_links_to_target":""},"categories":[1],"tags":[],"class_list":["post-100890","post","type-post","status-publish","format-standard","has-post-thumbnail","hentry","category-geral"],"views":820,"_links":{"self":[{"href":"https:\/\/www.sudoestehoje.com.br\/novoportal\/wp-json\/wp\/v2\/posts\/100890","targetHints":{"allow":["GET"]}}],"collection":[{"href":"https:\/\/www.sudoestehoje.com.br\/novoportal\/wp-json\/wp\/v2\/posts"}],"about":[{"href":"https:\/\/www.sudoestehoje.com.br\/novoportal\/wp-json\/wp\/v2\/types\/post"}],"author":[{"embeddable":true,"href":"https:\/\/www.sudoestehoje.com.br\/novoportal\/wp-json\/wp\/v2\/users\/2"}],"replies":[{"embeddable":true,"href":"https:\/\/www.sudoestehoje.com.br\/novoportal\/wp-json\/wp\/v2\/comments?post=100890"}],"version-history":[{"count":2,"href":"https:\/\/www.sudoestehoje.com.br\/novoportal\/wp-json\/wp\/v2\/posts\/100890\/revisions"}],"predecessor-version":[{"id":100893,"href":"https:\/\/www.sudoestehoje.com.br\/novoportal\/wp-json\/wp\/v2\/posts\/100890\/revisions\/100893"}],"wp:featuredmedia":[{"embeddable":true,"href":"https:\/\/www.sudoestehoje.com.br\/novoportal\/wp-json\/wp\/v2\/media\/100892"}],"wp:attachment":[{"href":"https:\/\/www.sudoestehoje.com.br\/novoportal\/wp-json\/wp\/v2\/media?parent=100890"}],"wp:term":[{"taxonomy":"category","embeddable":true,"href":"https:\/\/www.sudoestehoje.com.br\/novoportal\/wp-json\/wp\/v2\/categories?post=100890"},{"taxonomy":"post_tag","embeddable":true,"href":"https:\/\/www.sudoestehoje.com.br\/novoportal\/wp-json\/wp\/v2\/tags?post=100890"}],"curies":[{"name":"wp","href":"https:\/\/api.w.org\/{rel}","templated":true}]}}