
{"id":100883,"date":"2022-03-18T23:42:05","date_gmt":"2022-03-19T02:42:05","guid":{"rendered":"https:\/\/www.sudoestehoje.com.br\/novoportal\/?p=100883"},"modified":"2022-03-18T23:52:58","modified_gmt":"2022-03-19T02:52:58","slug":"itapetinga-seinfra-inicia-tapa-buracos-na-isai-amorim-a-pedido-do-blog","status":"publish","type":"post","link":"https:\/\/www.sudoestehoje.com.br\/novoportal\/2022\/03\/18\/itapetinga-seinfra-inicia-tapa-buracos-na-isai-amorim-a-pedido-do-blog\/","title":{"rendered":"ITAPETINGA: SEINFRA INICIA TAPA BURACOS NA ISAI AMORIM A PEDIDO DO BLOG"},"content":{"rendered":"<p><a href=\"https:\/\/www.sudoestehoje.com.br\/novoportal\/wp-content\/uploads\/2022\/03\/WhatsApp-Image-2022-03-18-at-23.29.49.jpeg\"><img loading=\"lazy\" decoding=\"async\" class=\"aligncenter size-medium wp-image-100885\" src=\"https:\/\/www.sudoestehoje.com.br\/novoportal\/wp-content\/uploads\/2022\/03\/WhatsApp-Image-2022-03-18-at-23.29.49-500x225.jpeg\" alt=\"\" width=\"500\" height=\"225\" srcset=\"https:\/\/www.sudoestehoje.com.br\/novoportal\/wp-content\/uploads\/2022\/03\/WhatsApp-Image-2022-03-18-at-23.29.49-500x225.jpeg 500w, https:\/\/www.sudoestehoje.com.br\/novoportal\/wp-content\/uploads\/2022\/03\/WhatsApp-Image-2022-03-18-at-23.29.49-700x315.jpeg 700w, https:\/\/www.sudoestehoje.com.br\/novoportal\/wp-content\/uploads\/2022\/03\/WhatsApp-Image-2022-03-18-at-23.29.49-768x346.jpeg 768w, https:\/\/www.sudoestehoje.com.br\/novoportal\/wp-content\/uploads\/2022\/03\/WhatsApp-Image-2022-03-18-at-23.29.49-1536x692.jpeg 1536w, https:\/\/www.sudoestehoje.com.br\/novoportal\/wp-content\/uploads\/2022\/03\/WhatsApp-Image-2022-03-18-at-23.29.49.jpeg 1600w\" sizes=\"auto, (max-width: 500px) 100vw, 500px\" \/><\/a><\/p>\n<p>Na \u00faltima quinta-feira (17), uma empreiteira contratada pela Seinfra iniciou as obras de tapa buracos em parte da Av. Isai Amorim, no trecho entre a Coopardo e o Parque de Exposi\u00e7\u00f5es Juvino Oliveira, um dos acessos \u00e0 BA-263 em Itapetinga.<\/p>\n<p>Em contato anterior com o engenheiro respons\u00e1vel pela Seinfra na regi\u00e3o (<span style=\"color: #0000ff;\"><a style=\"color: #0000ff;\" href=\"https:\/\/www.sudoestehoje.com.br\/novoportal\/2022\/03\/02\/itapetinga-tapa-buracos-na-isai-amorim-vai-ser-feito-a-pedido-do-blog\/\">RELEMBRE AQUI<\/a><\/span>), o editor do <em>Sudoeste Hoje<\/em> j\u00e1 havia informado a situa\u00e7\u00e3o prec\u00e1ria da pista e a necessidade da sua recupera\u00e7\u00e3o, em virtude da realiza\u00e7\u00e3o da 50\u00aa Exposi\u00e7\u00e3o Agropecu\u00e1ria que se aproxima.<\/p>\n<p><a href=\"https:\/\/www.sudoestehoje.com.br\/novoportal\/wp-content\/uploads\/2022\/03\/WhatsApp-Image-2022-03-18-at-23.29.50.jpeg\"><img loading=\"lazy\" decoding=\"async\" class=\"aligncenter size-medium wp-image-100884\" src=\"https:\/\/www.sudoestehoje.com.br\/novoportal\/wp-content\/uploads\/2022\/03\/WhatsApp-Image-2022-03-18-at-23.29.50-500x225.jpeg\" alt=\"\" width=\"500\" height=\"225\" srcset=\"https:\/\/www.sudoestehoje.com.br\/novoportal\/wp-content\/uploads\/2022\/03\/WhatsApp-Image-2022-03-18-at-23.29.50-500x225.jpeg 500w, https:\/\/www.sudoestehoje.com.br\/novoportal\/wp-content\/uploads\/2022\/03\/WhatsApp-Image-2022-03-18-at-23.29.50-700x315.jpeg 700w, https:\/\/www.sudoestehoje.com.br\/novoportal\/wp-content\/uploads\/2022\/03\/WhatsApp-Image-2022-03-18-at-23.29.50-768x346.jpeg 768w, https:\/\/www.sudoestehoje.com.br\/novoportal\/wp-content\/uploads\/2022\/03\/WhatsApp-Image-2022-03-18-at-23.29.50-1536x692.jpeg 1536w, https:\/\/www.sudoestehoje.com.br\/novoportal\/wp-content\/uploads\/2022\/03\/WhatsApp-Image-2022-03-18-at-23.29.50.jpeg 1600w\" sizes=\"auto, (max-width: 500px) 100vw, 500px\" \/><\/a><\/p>\n<p>Na manh\u00e3 desta sexta-feira (18) o reportagem do blog esteve no local e conferiu o andamento das obras, pela empresa contratada, sendo informado que a determina\u00e7\u00e3o do \u00f3rg\u00e3o estatal respons\u00e1vel e recuperar toda a pista, inclusive o trecho mais cr\u00edtico, margeando o loteamento Pedra Branca.<\/p>\n<p><em><strong>Por Davi Ferraz<\/strong><\/em><\/p>\n","protected":false},"excerpt":{"rendered":"<p>Na \u00faltima quinta-feira (17), uma empreiteira contratada pela Seinfra iniciou as obras de tapa buracos em parte da Av. Isai Amorim, no trecho entre a Coopardo e o Parque de Exposi\u00e7\u00f5es Juvino Oliveira, um dos acessos \u00e0 BA-263 em Itapetinga. Em contato anterior com o engenheiro respons\u00e1vel pela Seinfra na regi\u00e3o (RELEMBRE AQUI), o editor [&hellip;]<\/p>\n","protected":false},"author":2,"featured_media":100885,"comment_status":"open","ping_status":"open","sticky":false,"template":"","format":"standard","meta":{"footnotes":"","_links_to":"","_links_to_target":""},"categories":[1],"tags":[],"class_list":["post-100883","post","type-post","status-publish","format-standard","has-post-thumbnail","hentry","category-geral"],"views":899,"_links":{"self":[{"href":"https:\/\/www.sudoestehoje.com.br\/novoportal\/wp-json\/wp\/v2\/posts\/100883","targetHints":{"allow":["GET"]}}],"collection":[{"href":"https:\/\/www.sudoestehoje.com.br\/novoportal\/wp-json\/wp\/v2\/posts"}],"about":[{"href":"https:\/\/www.sudoestehoje.com.br\/novoportal\/wp-json\/wp\/v2\/types\/post"}],"author":[{"embeddable":true,"href":"https:\/\/www.sudoestehoje.com.br\/novoportal\/wp-json\/wp\/v2\/users\/2"}],"replies":[{"embeddable":true,"href":"https:\/\/www.sudoestehoje.com.br\/novoportal\/wp-json\/wp\/v2\/comments?post=100883"}],"version-history":[{"count":4,"href":"https:\/\/www.sudoestehoje.com.br\/novoportal\/wp-json\/wp\/v2\/posts\/100883\/revisions"}],"predecessor-version":[{"id":100889,"href":"https:\/\/www.sudoestehoje.com.br\/novoportal\/wp-json\/wp\/v2\/posts\/100883\/revisions\/100889"}],"wp:featuredmedia":[{"embeddable":true,"href":"https:\/\/www.sudoestehoje.com.br\/novoportal\/wp-json\/wp\/v2\/media\/100885"}],"wp:attachment":[{"href":"https:\/\/www.sudoestehoje.com.br\/novoportal\/wp-json\/wp\/v2\/media?parent=100883"}],"wp:term":[{"taxonomy":"category","embeddable":true,"href":"https:\/\/www.sudoestehoje.com.br\/novoportal\/wp-json\/wp\/v2\/categories?post=100883"},{"taxonomy":"post_tag","embeddable":true,"href":"https:\/\/www.sudoestehoje.com.br\/novoportal\/wp-json\/wp\/v2\/tags?post=100883"}],"curies":[{"name":"wp","href":"https:\/\/api.w.org\/{rel}","templated":true}]}}