
{"id":100873,"date":"2022-03-18T22:58:41","date_gmt":"2022-03-19T01:58:41","guid":{"rendered":"https:\/\/www.sudoestehoje.com.br\/novoportal\/?p=100873"},"modified":"2022-03-18T23:02:44","modified_gmt":"2022-03-19T02:02:44","slug":"politica-itapetinga-vereador-helder-ladeia-fechado-100-com-o-prefeito-rodrigo-hagge","status":"publish","type":"post","link":"https:\/\/www.sudoestehoje.com.br\/novoportal\/2022\/03\/18\/politica-itapetinga-vereador-helder-ladeia-fechado-100-com-o-prefeito-rodrigo-hagge\/","title":{"rendered":"POL\u00cdTICA ITAPETINGA | VEREADOR HELDER LADEIA FECHADO 100% COM O PREFEITO RODRIGO HAGGE"},"content":{"rendered":"<p><a href=\"https:\/\/www.sudoestehoje.com.br\/novoportal\/wp-content\/uploads\/2022\/03\/WhatsApp-Image-2022-03-18-at-22.55.45.jpeg\"><img loading=\"lazy\" decoding=\"async\" class=\"aligncenter size-medium wp-image-100879\" src=\"https:\/\/www.sudoestehoje.com.br\/novoportal\/wp-content\/uploads\/2022\/03\/WhatsApp-Image-2022-03-18-at-22.55.45-500x298.jpeg\" alt=\"\" width=\"500\" height=\"298\" srcset=\"https:\/\/www.sudoestehoje.com.br\/novoportal\/wp-content\/uploads\/2022\/03\/WhatsApp-Image-2022-03-18-at-22.55.45-500x298.jpeg 500w, https:\/\/www.sudoestehoje.com.br\/novoportal\/wp-content\/uploads\/2022\/03\/WhatsApp-Image-2022-03-18-at-22.55.45-700x417.jpeg 700w, https:\/\/www.sudoestehoje.com.br\/novoportal\/wp-content\/uploads\/2022\/03\/WhatsApp-Image-2022-03-18-at-22.55.45-768x457.jpeg 768w, https:\/\/www.sudoestehoje.com.br\/novoportal\/wp-content\/uploads\/2022\/03\/WhatsApp-Image-2022-03-18-at-22.55.45.jpeg 1194w\" sizes=\"auto, (max-width: 500px) 100vw, 500px\" \/><\/a><\/p>\n<p>Na semana em que projetos importantes entram na pauta para serem apreciados pelo legislativo municipal, o vereador Helder Ladeia (PSC), o &#8216;Helder de Bandeira&#8217; conversou informalmente com o<em> Sudoeste Hoje<\/em> e reafirmou o seu apoio ao projeto pol\u00edtico e administrativo do prefeito Rodrigo Hagge (MDB), como participante da sua base na C\u00e2mara Municipal.<\/p>\n<p>Helder, que esteve recentemente com Rodrigo, reafirmou o seu alinhamento com a base do gestor municipal, numa parceria necess\u00e1ria para garantir o atendimento das demandas do distrito de Bandeira do Col\u00f4nia, carente em v\u00e1rias \u00e1reas, e dar sustentabilidade \u00e0 gest\u00e3o do prefeito na c\u00e2mara de vereadores.<\/p>\n<p>O atuante vereador disse com exclusividade ao <em>Sudoeste Hoje<\/em> que n\u00e3o h\u00e1, nem nunca houve, nenhuma crise na rela\u00e7\u00e3o com o prefeito Rodrigo, lembrando que as demandas do distrito de Bandeira v\u00eam sendo atendidas pela gest\u00e3o municipal, na medida em surgem as necessidades.<\/p>\n<p><em>&#8220;Estamos no in\u00edcio do nosso mandato e \u00e9 natural que a popula\u00e7\u00e3o solicite o nosso empenho na resolu\u00e7\u00e3o dos problemas de Bandeira, mas tenho absoluta certeza de que no decorrer do nosso mandato muitas demandas ser\u00e3o atendidas pelo prefeito, melhorando a qualidade de vida da nossa popula\u00e7\u00e3o&#8221;<\/em>, concluiu Helder.<\/p>\n<p><strong><em>Por Davi Ferraz<\/em><\/strong><\/p>\n","protected":false},"excerpt":{"rendered":"<p>Na semana em que projetos importantes entram na pauta para serem apreciados pelo legislativo municipal, o vereador Helder Ladeia (PSC), o &#8216;Helder de Bandeira&#8217; conversou informalmente com o Sudoeste Hoje e reafirmou o seu apoio ao projeto pol\u00edtico e administrativo do prefeito Rodrigo Hagge (MDB), como participante da sua base na C\u00e2mara Municipal. Helder, que [&hellip;]<\/p>\n","protected":false},"author":2,"featured_media":100879,"comment_status":"open","ping_status":"open","sticky":false,"template":"","format":"standard","meta":{"footnotes":"","_links_to":"","_links_to_target":""},"categories":[1],"tags":[],"class_list":["post-100873","post","type-post","status-publish","format-standard","has-post-thumbnail","hentry","category-geral"],"views":1004,"_links":{"self":[{"href":"https:\/\/www.sudoestehoje.com.br\/novoportal\/wp-json\/wp\/v2\/posts\/100873","targetHints":{"allow":["GET"]}}],"collection":[{"href":"https:\/\/www.sudoestehoje.com.br\/novoportal\/wp-json\/wp\/v2\/posts"}],"about":[{"href":"https:\/\/www.sudoestehoje.com.br\/novoportal\/wp-json\/wp\/v2\/types\/post"}],"author":[{"embeddable":true,"href":"https:\/\/www.sudoestehoje.com.br\/novoportal\/wp-json\/wp\/v2\/users\/2"}],"replies":[{"embeddable":true,"href":"https:\/\/www.sudoestehoje.com.br\/novoportal\/wp-json\/wp\/v2\/comments?post=100873"}],"version-history":[{"count":7,"href":"https:\/\/www.sudoestehoje.com.br\/novoportal\/wp-json\/wp\/v2\/posts\/100873\/revisions"}],"predecessor-version":[{"id":100882,"href":"https:\/\/www.sudoestehoje.com.br\/novoportal\/wp-json\/wp\/v2\/posts\/100873\/revisions\/100882"}],"wp:featuredmedia":[{"embeddable":true,"href":"https:\/\/www.sudoestehoje.com.br\/novoportal\/wp-json\/wp\/v2\/media\/100879"}],"wp:attachment":[{"href":"https:\/\/www.sudoestehoje.com.br\/novoportal\/wp-json\/wp\/v2\/media?parent=100873"}],"wp:term":[{"taxonomy":"category","embeddable":true,"href":"https:\/\/www.sudoestehoje.com.br\/novoportal\/wp-json\/wp\/v2\/categories?post=100873"},{"taxonomy":"post_tag","embeddable":true,"href":"https:\/\/www.sudoestehoje.com.br\/novoportal\/wp-json\/wp\/v2\/tags?post=100873"}],"curies":[{"name":"wp","href":"https:\/\/api.w.org\/{rel}","templated":true}]}}