
{"id":100867,"date":"2022-03-17T18:01:30","date_gmt":"2022-03-17T21:01:30","guid":{"rendered":"https:\/\/www.sudoestehoje.com.br\/novoportal\/?p=100867"},"modified":"2022-03-17T18:01:30","modified_gmt":"2022-03-17T21:01:30","slug":"martelo-batido-acm-neto-e-joao-leao-oficializam-alianca-para-formacao-de-chapa-ao-governo-da-bahia","status":"publish","type":"post","link":"https:\/\/www.sudoestehoje.com.br\/novoportal\/2022\/03\/17\/martelo-batido-acm-neto-e-joao-leao-oficializam-alianca-para-formacao-de-chapa-ao-governo-da-bahia\/","title":{"rendered":"MARTELO BATIDO | ACM NETO E JO\u00c3O LE\u00c3O OFICIALIZAM ALIAN\u00c7A PARA FORMA\u00c7\u00c3O DE CHAPA AO GOVERNO DA BAHIA"},"content":{"rendered":"<p><a href=\"https:\/\/www.sudoestehoje.com.br\/novoportal\/wp-content\/uploads\/2022\/03\/csm_neto_e_leao_divulgacao_77b2448eb5.jpeg\"><img loading=\"lazy\" decoding=\"async\" class=\"aligncenter size-medium wp-image-100870\" src=\"https:\/\/www.sudoestehoje.com.br\/novoportal\/wp-content\/uploads\/2022\/03\/csm_neto_e_leao_divulgacao_77b2448eb5-500x374.jpeg\" alt=\"\" width=\"500\" height=\"374\" srcset=\"https:\/\/www.sudoestehoje.com.br\/novoportal\/wp-content\/uploads\/2022\/03\/csm_neto_e_leao_divulgacao_77b2448eb5-500x374.jpeg 500w, https:\/\/www.sudoestehoje.com.br\/novoportal\/wp-content\/uploads\/2022\/03\/csm_neto_e_leao_divulgacao_77b2448eb5-700x524.jpeg 700w, https:\/\/www.sudoestehoje.com.br\/novoportal\/wp-content\/uploads\/2022\/03\/csm_neto_e_leao_divulgacao_77b2448eb5-768x575.jpeg 768w, https:\/\/www.sudoestehoje.com.br\/novoportal\/wp-content\/uploads\/2022\/03\/csm_neto_e_leao_divulgacao_77b2448eb5.jpeg 940w\" sizes=\"auto, (max-width: 500px) 100vw, 500px\" \/><\/a><\/p>\n<p><em>Correio<\/em><\/p>\n<p class=\"bodytext\">O vice-governador Jo\u00e3o Le\u00e3o, presidente do Progressistas (PP) na Bahia, confirmou a alian\u00e7a com o l\u00edder do Uni\u00e3o\u00a0Brasil\u00a0para disputar a sucess\u00e3o estadual deste ano, durante coletiva de imprensa, na manh\u00e3 desta quinta-feira (17),\u00a0ao lado do ex-prefeito de Salvador e de lideran\u00e7as pol\u00edticas dos dois partidos, no Hotel Fiesta, em Salvador.<\/p>\n<p class=\"bodytext\">Le\u00e3o destacou que o an\u00fancio marca o fim de um ciclo e o in\u00edcio de um novo caminho. \u201cJ\u00e1 listei para Neto alguns projetos que tenho trabalhado nos \u00faltimos anos e que casam com uma Bahia forte econ\u00f4mica e socialmente. Falei da ponte Salvador-Itaparica, do polo sucroenerg\u00e9tico do S\u00e3o Francisco, dos polos cacaueiro do Serrado e viticultor de Barra, entre outros\u201d, afirma.<\/p>\n<p class=\"bodytext\">Em Nota P\u00fablica, PP e UB falaram de mudan\u00e7a, alian\u00e7a program\u00e1tica, Bahia forte e cuidado com o povo baiano. \u201c\u00c9 hora de transformar os sonhos da nossa popula\u00e7\u00e3o em realidade para que a felicidade e a alegria de ser baiano volte a brilhar em todos os lares do nosso estado\u201d, diz trecho do comunicado.<\/p>\n<p class=\"bodytext\"><strong>Veja a \u00edntegra da nota oficial:<\/strong><\/p>\n<div class=\"single-publicidade\">\n<div id=\"div-gpt-ad-1558981264142-0\">NOTA P\u00daBLICA &#8211; UMA NOVA ALIAN\u00c7A<\/div>\n<\/div>\n<p class=\"bodytext\"><em>Juntos pela Bahia, iniciamos um novo cap\u00edtulo na hist\u00f3ria, um novo caminho, uma nova for\u00e7a pol\u00edtica e de trabalho pelo bem dos baianos e baianas. \u00c9 hora de mudan\u00e7a, de olharmos para o futuro e firmarmos uma alian\u00e7a program\u00e1tica para construirmos uma Bahia mais forte, integrada e unida.\u00a0<\/em><\/p>\n<div class=\"single-publicidade\">\n<div id=\"div-gpt-ad-1558981401166-0\"><\/div>\n<\/div>\n<p class=\"bodytext\"><em>\u00c9 desta forma que o Uni\u00e3o Brasil e o Progressistas Bahia anunciam este enlace.<\/em><\/p>\n<p class=\"bodytext\"><em>Ap\u00f3s o fim de um ciclo, o PP inicia um novo caminho ao decidir apoiar a pr\u00e9-candidatura do ex-prefeito de Salvador, ACM Neto, ao Governo da Bahia nas pr\u00f3ximas elei\u00e7\u00f5es.\u00a0<\/em><\/p>\n<div class=\"single-publicidade\">\n<div id=\"div-gpt-ad-1558985512674-0\"><\/div>\n<\/div>\n<p class=\"bodytext\"><em>A Executiva Estadual do partido acredita que a juventude e o pensamento inovador do l\u00edder baiano do Uni\u00e3o Brasil legitimam a compet\u00eancia de gest\u00e3o p\u00fablica que demonstrou \u00e0 frente da capital baiana, e comprovam que ele est\u00e1 preparado para novos desafios.\u00a0<\/em><\/p>\n<p class=\"bodytext\"><em>Isto, somado \u00e0 experi\u00eancia, vasto curr\u00edculo pol\u00edtico-eleitoral e garra do vice-governador da Bahia Jo\u00e3o Le\u00e3o, l\u00edder do Progressistas, e pr\u00e9-candidato a Senador nesta chapa, d\u00e3o a este pacto a combina\u00e7\u00e3o ideal para transformar o estado em uma nova Bahia.<\/em><\/p>\n<p class=\"bodytext\"><em>A alian\u00e7a pol\u00edtica que nasce neste dia vai primar pelo bem-estar das pessoas. Deste modo, as duas agremia\u00e7\u00f5es partid\u00e1rias, unidas \u00e0s demais for\u00e7as que ir\u00e3o compor este novo caminho rumo ao crescimento do Estado da Bahia, conclamam todos os seus quadros pol\u00edticos &#8211; deputados, prefeitos, vice-prefeitos, vereadores e filiados &#8211; a caminharmos juntos.\u00a0<\/em><\/p>\n<p class=\"bodytext\"><em>\u00c9 hora de transformar os sonhos da nossa popula\u00e7\u00e3o em realidade para que a felicidade e a alegria de ser baiano volte a brilhar em todos os lares do nosso estado.\u00a0<\/em><\/p>\n<p class=\"bodytext\"><em>Salvador, 17 de mar\u00e7o de 2022.<\/em><\/p>\n","protected":false},"excerpt":{"rendered":"<p>Correio O vice-governador Jo\u00e3o Le\u00e3o, presidente do Progressistas (PP) na Bahia, confirmou a alian\u00e7a com o l\u00edder do Uni\u00e3o\u00a0Brasil\u00a0para disputar a sucess\u00e3o estadual deste ano, durante coletiva de imprensa, na manh\u00e3 desta quinta-feira (17),\u00a0ao lado do ex-prefeito de Salvador e de lideran\u00e7as pol\u00edticas dos dois partidos, no Hotel Fiesta, em Salvador. Le\u00e3o destacou que o [&hellip;]<\/p>\n","protected":false},"author":2,"featured_media":100870,"comment_status":"open","ping_status":"open","sticky":false,"template":"","format":"standard","meta":{"footnotes":"","_links_to":"","_links_to_target":""},"categories":[1],"tags":[],"class_list":["post-100867","post","type-post","status-publish","format-standard","has-post-thumbnail","hentry","category-geral"],"views":864,"_links":{"self":[{"href":"https:\/\/www.sudoestehoje.com.br\/novoportal\/wp-json\/wp\/v2\/posts\/100867","targetHints":{"allow":["GET"]}}],"collection":[{"href":"https:\/\/www.sudoestehoje.com.br\/novoportal\/wp-json\/wp\/v2\/posts"}],"about":[{"href":"https:\/\/www.sudoestehoje.com.br\/novoportal\/wp-json\/wp\/v2\/types\/post"}],"author":[{"embeddable":true,"href":"https:\/\/www.sudoestehoje.com.br\/novoportal\/wp-json\/wp\/v2\/users\/2"}],"replies":[{"embeddable":true,"href":"https:\/\/www.sudoestehoje.com.br\/novoportal\/wp-json\/wp\/v2\/comments?post=100867"}],"version-history":[{"count":3,"href":"https:\/\/www.sudoestehoje.com.br\/novoportal\/wp-json\/wp\/v2\/posts\/100867\/revisions"}],"predecessor-version":[{"id":100871,"href":"https:\/\/www.sudoestehoje.com.br\/novoportal\/wp-json\/wp\/v2\/posts\/100867\/revisions\/100871"}],"wp:featuredmedia":[{"embeddable":true,"href":"https:\/\/www.sudoestehoje.com.br\/novoportal\/wp-json\/wp\/v2\/media\/100870"}],"wp:attachment":[{"href":"https:\/\/www.sudoestehoje.com.br\/novoportal\/wp-json\/wp\/v2\/media?parent=100867"}],"wp:term":[{"taxonomy":"category","embeddable":true,"href":"https:\/\/www.sudoestehoje.com.br\/novoportal\/wp-json\/wp\/v2\/categories?post=100867"},{"taxonomy":"post_tag","embeddable":true,"href":"https:\/\/www.sudoestehoje.com.br\/novoportal\/wp-json\/wp\/v2\/tags?post=100867"}],"curies":[{"name":"wp","href":"https:\/\/api.w.org\/{rel}","templated":true}]}}