
{"id":100849,"date":"2022-03-17T00:00:38","date_gmt":"2022-03-17T03:00:38","guid":{"rendered":"https:\/\/www.sudoestehoje.com.br\/novoportal\/?p=100849"},"modified":"2022-03-17T00:00:38","modified_gmt":"2022-03-17T03:00:38","slug":"itapetinga-rodrigo-hagge-vai-cumprir-mandato-e-se-preparar-para-2026","status":"publish","type":"post","link":"https:\/\/www.sudoestehoje.com.br\/novoportal\/2022\/03\/17\/itapetinga-rodrigo-hagge-vai-cumprir-mandato-e-se-preparar-para-2026\/","title":{"rendered":"ITAPETINGA: RODRIGO HAGGE VAI CUMPRIR MANDATO E SE PREPARAR PARA 2026"},"content":{"rendered":"<div id=\"attachment_100852\" style=\"width: 510px\" class=\"wp-caption aligncenter\"><a href=\"https:\/\/www.sudoestehoje.com.br\/novoportal\/wp-content\/uploads\/2022\/03\/493914_21d165b5111740159a61ef136674e861_mv2.jpg\"><img loading=\"lazy\" decoding=\"async\" aria-describedby=\"caption-attachment-100852\" class=\"size-full wp-image-100852\" src=\"https:\/\/www.sudoestehoje.com.br\/novoportal\/wp-content\/uploads\/2022\/03\/493914_21d165b5111740159a61ef136674e861_mv2.jpg\" alt=\"\" width=\"500\" height=\"320\" \/><\/a><p id=\"caption-attachment-100852\" class=\"wp-caption-text\"><strong><em>Foto\/Arquivo<\/em><\/strong><\/p><\/div>\n<p>Reconhecido como um dos melhores prefeito da Bahia e l\u00edder regional, o prefeito de Itapetinga, Rodrigo Hagge (MDB), deu a palavra final sobre o seu futuro pol\u00edtico, em conversa com o editor do<strong><em> Sudoeste Hoje<\/em><\/strong>, na manh\u00e3 desta quarta-feira (16).<\/p>\n<p>De acordo com o jovem prefeito, o seu segundo mandato ser\u00e1 cumprido na \u00edntegra, apesar dos rumores de que se afastaria para disputar um mandato de deputado federal ou estadual, nas elei\u00e7\u00f5es deste ano, o que est\u00e1 totalmente fora dos seus planos, em virtude do compromisso assumido com a popula\u00e7\u00e3o de Itapetinga na sua reelei\u00e7\u00e3o.<\/p>\n<p>Rodrigo afirmou que ainda tem muito trabalho pela frente como gestor municipal e que vai aguardar o resultado das elei\u00e7\u00f5es estaduais, para definir seu futuro pol\u00edtico, com possibilidade de disputar uma cadeira na C\u00e2mara Federal ou na Assembleia Legislativa, caso ACM Neto saia vitorioso na elei\u00e7\u00e3o para o governo da Bahia, em outubro deste ano.<\/p>\n<p>Sobre a sua sucess\u00e3o, Rodrigo lembrou que ainda \u00e9 muito cedo para discutir nomes, mas que em seu grupo pol\u00edtico existem pessoas preparadas para suced\u00ea-lo \u00e0 altura, e que a escolha do seu candidato passar\u00e1 por discuss\u00e3o entre os seus partid\u00e1rios e a base de apoio.<\/p>\n<p>Atualmente, Rodrigo est\u00e1 incumbido de agregar apoio \u00e0 candidatura de ACM Neto ao governo do estado, atrav\u00e9s de lideran\u00e7as importante da nossa regi\u00e3o, que j\u00e1 v\u00eam sendo contatadas e trabalhadas com esse prop\u00f3sito.<\/p>\n<p><strong><em>Por Davi Ferraz<\/em>\u00a0<\/strong><\/p>\n","protected":false},"excerpt":{"rendered":"<p>Reconhecido como um dos melhores prefeito da Bahia e l\u00edder regional, o prefeito de Itapetinga, Rodrigo Hagge (MDB), deu a palavra final sobre o seu futuro pol\u00edtico, em conversa com o editor do Sudoeste Hoje, na manh\u00e3 desta quarta-feira (16). De acordo com o jovem prefeito, o seu segundo mandato ser\u00e1 cumprido na \u00edntegra, apesar [&hellip;]<\/p>\n","protected":false},"author":2,"featured_media":100852,"comment_status":"open","ping_status":"open","sticky":false,"template":"","format":"standard","meta":{"footnotes":"","_links_to":"","_links_to_target":""},"categories":[1],"tags":[],"class_list":["post-100849","post","type-post","status-publish","format-standard","has-post-thumbnail","hentry","category-geral"],"views":1250,"_links":{"self":[{"href":"https:\/\/www.sudoestehoje.com.br\/novoportal\/wp-json\/wp\/v2\/posts\/100849","targetHints":{"allow":["GET"]}}],"collection":[{"href":"https:\/\/www.sudoestehoje.com.br\/novoportal\/wp-json\/wp\/v2\/posts"}],"about":[{"href":"https:\/\/www.sudoestehoje.com.br\/novoportal\/wp-json\/wp\/v2\/types\/post"}],"author":[{"embeddable":true,"href":"https:\/\/www.sudoestehoje.com.br\/novoportal\/wp-json\/wp\/v2\/users\/2"}],"replies":[{"embeddable":true,"href":"https:\/\/www.sudoestehoje.com.br\/novoportal\/wp-json\/wp\/v2\/comments?post=100849"}],"version-history":[{"count":5,"href":"https:\/\/www.sudoestehoje.com.br\/novoportal\/wp-json\/wp\/v2\/posts\/100849\/revisions"}],"predecessor-version":[{"id":100855,"href":"https:\/\/www.sudoestehoje.com.br\/novoportal\/wp-json\/wp\/v2\/posts\/100849\/revisions\/100855"}],"wp:featuredmedia":[{"embeddable":true,"href":"https:\/\/www.sudoestehoje.com.br\/novoportal\/wp-json\/wp\/v2\/media\/100852"}],"wp:attachment":[{"href":"https:\/\/www.sudoestehoje.com.br\/novoportal\/wp-json\/wp\/v2\/media?parent=100849"}],"wp:term":[{"taxonomy":"category","embeddable":true,"href":"https:\/\/www.sudoestehoje.com.br\/novoportal\/wp-json\/wp\/v2\/categories?post=100849"},{"taxonomy":"post_tag","embeddable":true,"href":"https:\/\/www.sudoestehoje.com.br\/novoportal\/wp-json\/wp\/v2\/tags?post=100849"}],"curies":[{"name":"wp","href":"https:\/\/api.w.org\/{rel}","templated":true}]}}