
{"id":100834,"date":"2022-03-15T11:09:05","date_gmt":"2022-03-15T14:09:05","guid":{"rendered":"https:\/\/www.sudoestehoje.com.br\/novoportal\/?p=100834"},"modified":"2022-03-15T11:09:05","modified_gmt":"2022-03-15T14:09:05","slug":"diario-oficial-do-estado-publica-exoneracao-de-joao-leao-e-outros-integrantes-do-pp","status":"publish","type":"post","link":"https:\/\/www.sudoestehoje.com.br\/novoportal\/2022\/03\/15\/diario-oficial-do-estado-publica-exoneracao-de-joao-leao-e-outros-integrantes-do-pp\/","title":{"rendered":"DI\u00c1RIO OFICIAL DO ESTADO PUBLICA EXONERA\u00c7\u00c3O DE JO\u00c3O LE\u00c3O E OUTROS INTEGRANTES DO PP"},"content":{"rendered":"<div class=\"post-singular\">\n<div class=\"post\" data-equalizer-watch=\"post\">\n<div class=\"texto-post\">\n<p><a href=\"https:\/\/www.sudoestehoje.com.br\/novoportal\/wp-content\/uploads\/2022\/03\/joao-leao-vice-governador_widelg.jpg\"><img loading=\"lazy\" decoding=\"async\" class=\"aligncenter size-medium wp-image-100837\" src=\"https:\/\/www.sudoestehoje.com.br\/novoportal\/wp-content\/uploads\/2022\/03\/joao-leao-vice-governador_widelg-500x264.jpg\" alt=\"\" width=\"500\" height=\"264\" srcset=\"https:\/\/www.sudoestehoje.com.br\/novoportal\/wp-content\/uploads\/2022\/03\/joao-leao-vice-governador_widelg-500x264.jpg 500w, https:\/\/www.sudoestehoje.com.br\/novoportal\/wp-content\/uploads\/2022\/03\/joao-leao-vice-governador_widelg.jpg 654w\" sizes=\"auto, (max-width: 500px) 100vw, 500px\" \/><\/a><\/p>\n<p>A debandada do PP da base do governo Rui Costa (PT) foi conclu\u00edda com a publica\u00e7\u00e3o, na edi\u00e7\u00e3o de hoje do Di\u00e1rio Oficial do Estado, da exonera\u00e7\u00e3o de integrantes do partido que ocupavam cargos na gest\u00e3o estadual. Entre eles, est\u00e1 o vice-governador, Jo\u00e3o Le\u00e3o, que acumulava o comando da Secretaria de Planejamento.<\/p>\n<p>Al\u00e9m dele, deixaram os cargos Nelson Leal, da Secretaria de Desenvolvimento Econ\u00f4mico, Leonardo G\u00f3es, da Secretaria de Infraestrutura H\u00eddrica e Saneamento, e Leonardo Ramaciotti do cargo de chefe de gabinete da mesma pasta.<\/p>\n<p>Cl\u00e1udia Ramos Peixoto, chefe de gabinete da Seplan, assume interinamente a pasta. Paulo Guimar\u00e3es, que \u00e9 superintendente de Desenvolvimento da SDE, vai ficar tamb\u00e9m interinamente \u00e0 frente da pasta.\u00a0 F\u00e1bio Silva, diretor-geral, vai assumir A Secretaria de Infraestrutura H\u00eddrica e Saneamento.<\/p>\n<\/div>\n<\/div>\n<\/div>\n<div class=\"footer-post row\"><\/div>\n","protected":false},"excerpt":{"rendered":"<p>A debandada do PP da base do governo Rui Costa (PT) foi conclu\u00edda com a publica\u00e7\u00e3o, na edi\u00e7\u00e3o de hoje do Di\u00e1rio Oficial do Estado, da exonera\u00e7\u00e3o de integrantes do partido que ocupavam cargos na gest\u00e3o estadual. Entre eles, est\u00e1 o vice-governador, Jo\u00e3o Le\u00e3o, que acumulava o comando da Secretaria de Planejamento. Al\u00e9m dele, deixaram [&hellip;]<\/p>\n","protected":false},"author":2,"featured_media":100837,"comment_status":"open","ping_status":"open","sticky":false,"template":"","format":"standard","meta":{"footnotes":"","_links_to":"","_links_to_target":""},"categories":[1],"tags":[],"class_list":["post-100834","post","type-post","status-publish","format-standard","has-post-thumbnail","hentry","category-geral"],"views":649,"_links":{"self":[{"href":"https:\/\/www.sudoestehoje.com.br\/novoportal\/wp-json\/wp\/v2\/posts\/100834","targetHints":{"allow":["GET"]}}],"collection":[{"href":"https:\/\/www.sudoestehoje.com.br\/novoportal\/wp-json\/wp\/v2\/posts"}],"about":[{"href":"https:\/\/www.sudoestehoje.com.br\/novoportal\/wp-json\/wp\/v2\/types\/post"}],"author":[{"embeddable":true,"href":"https:\/\/www.sudoestehoje.com.br\/novoportal\/wp-json\/wp\/v2\/users\/2"}],"replies":[{"embeddable":true,"href":"https:\/\/www.sudoestehoje.com.br\/novoportal\/wp-json\/wp\/v2\/comments?post=100834"}],"version-history":[{"count":3,"href":"https:\/\/www.sudoestehoje.com.br\/novoportal\/wp-json\/wp\/v2\/posts\/100834\/revisions"}],"predecessor-version":[{"id":100838,"href":"https:\/\/www.sudoestehoje.com.br\/novoportal\/wp-json\/wp\/v2\/posts\/100834\/revisions\/100838"}],"wp:featuredmedia":[{"embeddable":true,"href":"https:\/\/www.sudoestehoje.com.br\/novoportal\/wp-json\/wp\/v2\/media\/100837"}],"wp:attachment":[{"href":"https:\/\/www.sudoestehoje.com.br\/novoportal\/wp-json\/wp\/v2\/media?parent=100834"}],"wp:term":[{"taxonomy":"category","embeddable":true,"href":"https:\/\/www.sudoestehoje.com.br\/novoportal\/wp-json\/wp\/v2\/categories?post=100834"},{"taxonomy":"post_tag","embeddable":true,"href":"https:\/\/www.sudoestehoje.com.br\/novoportal\/wp-json\/wp\/v2\/tags?post=100834"}],"curies":[{"name":"wp","href":"https:\/\/api.w.org\/{rel}","templated":true}]}}