
{"id":100814,"date":"2022-03-14T16:47:24","date_gmt":"2022-03-14T19:47:24","guid":{"rendered":"https:\/\/www.sudoestehoje.com.br\/novoportal\/?p=100814"},"modified":"2022-03-14T16:53:40","modified_gmt":"2022-03-14T19:53:40","slug":"vice-governador-joao-leao-entrega-cargos-rompe-oficialmente-com-rui-costa","status":"publish","type":"post","link":"https:\/\/www.sudoestehoje.com.br\/novoportal\/2022\/03\/14\/vice-governador-joao-leao-entrega-cargos-rompe-oficialmente-com-rui-costa\/","title":{"rendered":"VICE-GOVERNADOR JO\u00c3O LE\u00c3O ENTREGA CARGOS ROMPE OFICIALMENTE COM RUI COSTA"},"content":{"rendered":"<p><a href=\"https:\/\/www.sudoestehoje.com.br\/novoportal\/wp-content\/uploads\/2022\/03\/rui-costa-joao-leao-plenario-assembleia-legislativa-foto-sandra-travassos-alba.jpg\"><img loading=\"lazy\" decoding=\"async\" class=\"size-medium wp-image-100816\" src=\"https:\/\/www.sudoestehoje.com.br\/novoportal\/wp-content\/uploads\/2022\/03\/rui-costa-joao-leao-plenario-assembleia-legislativa-foto-sandra-travassos-alba-500x350.jpg\" alt=\"\" width=\"500\" height=\"350\" srcset=\"https:\/\/www.sudoestehoje.com.br\/novoportal\/wp-content\/uploads\/2022\/03\/rui-costa-joao-leao-plenario-assembleia-legislativa-foto-sandra-travassos-alba-500x350.jpg 500w, https:\/\/www.sudoestehoje.com.br\/novoportal\/wp-content\/uploads\/2022\/03\/rui-costa-joao-leao-plenario-assembleia-legislativa-foto-sandra-travassos-alba.jpg 600w\" sizes=\"auto, (max-width: 500px) 100vw, 500px\" \/><\/a><\/p>\n<p>O vice-governador Jo\u00e3o Le\u00e3o (PP) entregou, na tarde desta segunda-feira (14), os cargos do partido ao governador Rui Costa (PT) e selou o rompimento com a base petista. A informa\u00e7\u00e3o foi confirmada por fontes do governo e do PP.<\/p>\n<p>Como noticiou neste domingo o bahia.ba, os <a href=\"https:\/\/bahia.ba\/eleicoes2022\/pp-fecha-acordo-e-vai-apoiar-acm-neto-nas-eleicoes\/\">pepistas decidiram apoiar o ex-prefeito soteropolitano ACM Neto<\/a>\u00a0(Uni\u00e3o Brasil) na disputa ao governo da Bahia. Nesta segunda-feira, Le\u00e3o almo\u00e7ou com os deputados federais e estaduais para tratar do rompimento com a base petista.<\/p>\n<p>A assessoria de comunica\u00e7\u00e3o do vice-governador Jo\u00e3o Le\u00e3o informou que a c\u00fapula da sigla se re\u00fane na tarde desta segunda e vai anunciar o posicionamento oficial. O encontro vai acontecer no Edif\u00edcio Wall Street Empresarial, na Avenida Paralela, em Salvador.<\/p>\n<p>Neste s\u00e1bado (12), Le\u00e3o admitiu que ficou magoado com a base governista ap\u00f3s o senador Jaques Wagner (PT) anunciar, sem aviso pr\u00e9vio, que o governador Rui Costa ficar\u00e1 at\u00e9 o fim do governo. O que acabou com a esperan\u00e7a de Le\u00e3o ter um \u201cmandato tamp\u00e3o\u201d como chefe do Pal\u00e1cio de Ondina.<\/p>\n","protected":false},"excerpt":{"rendered":"<p>O vice-governador Jo\u00e3o Le\u00e3o (PP) entregou, na tarde desta segunda-feira (14), os cargos do partido ao governador Rui Costa (PT) e selou o rompimento com a base petista. A informa\u00e7\u00e3o foi confirmada por fontes do governo e do PP. Como noticiou neste domingo o bahia.ba, os pepistas decidiram apoiar o ex-prefeito soteropolitano ACM Neto\u00a0(Uni\u00e3o Brasil) [&hellip;]<\/p>\n","protected":false},"author":2,"featured_media":100816,"comment_status":"open","ping_status":"open","sticky":false,"template":"","format":"standard","meta":{"footnotes":"","_links_to":"","_links_to_target":""},"categories":[1],"tags":[],"class_list":["post-100814","post","type-post","status-publish","format-standard","has-post-thumbnail","hentry","category-geral"],"views":977,"_links":{"self":[{"href":"https:\/\/www.sudoestehoje.com.br\/novoportal\/wp-json\/wp\/v2\/posts\/100814","targetHints":{"allow":["GET"]}}],"collection":[{"href":"https:\/\/www.sudoestehoje.com.br\/novoportal\/wp-json\/wp\/v2\/posts"}],"about":[{"href":"https:\/\/www.sudoestehoje.com.br\/novoportal\/wp-json\/wp\/v2\/types\/post"}],"author":[{"embeddable":true,"href":"https:\/\/www.sudoestehoje.com.br\/novoportal\/wp-json\/wp\/v2\/users\/2"}],"replies":[{"embeddable":true,"href":"https:\/\/www.sudoestehoje.com.br\/novoportal\/wp-json\/wp\/v2\/comments?post=100814"}],"version-history":[{"count":4,"href":"https:\/\/www.sudoestehoje.com.br\/novoportal\/wp-json\/wp\/v2\/posts\/100814\/revisions"}],"predecessor-version":[{"id":100819,"href":"https:\/\/www.sudoestehoje.com.br\/novoportal\/wp-json\/wp\/v2\/posts\/100814\/revisions\/100819"}],"wp:featuredmedia":[{"embeddable":true,"href":"https:\/\/www.sudoestehoje.com.br\/novoportal\/wp-json\/wp\/v2\/media\/100816"}],"wp:attachment":[{"href":"https:\/\/www.sudoestehoje.com.br\/novoportal\/wp-json\/wp\/v2\/media?parent=100814"}],"wp:term":[{"taxonomy":"category","embeddable":true,"href":"https:\/\/www.sudoestehoje.com.br\/novoportal\/wp-json\/wp\/v2\/categories?post=100814"},{"taxonomy":"post_tag","embeddable":true,"href":"https:\/\/www.sudoestehoje.com.br\/novoportal\/wp-json\/wp\/v2\/tags?post=100814"}],"curies":[{"name":"wp","href":"https:\/\/api.w.org\/{rel}","templated":true}]}}