
{"id":100804,"date":"2022-03-14T11:03:49","date_gmt":"2022-03-14T14:03:49","guid":{"rendered":"https:\/\/www.sudoestehoje.com.br\/novoportal\/?p=100804"},"modified":"2022-03-14T11:03:49","modified_gmt":"2022-03-14T14:03:49","slug":"opiniao-pt-so-tem-uma-saida-para-manter-joao-leao-e-o-pp-na-base-governista","status":"publish","type":"post","link":"https:\/\/www.sudoestehoje.com.br\/novoportal\/2022\/03\/14\/opiniao-pt-so-tem-uma-saida-para-manter-joao-leao-e-o-pp-na-base-governista\/","title":{"rendered":"OPINI\u00c3O | PT S\u00d3 TEM UMA SA\u00cdDA PARA MANTER JO\u00c3O LE\u00c3O E O PP NA BASE GOVERNISTA"},"content":{"rendered":"<p><a href=\"https:\/\/www.sudoestehoje.com.br\/novoportal\/wp-content\/uploads\/2022\/03\/ruieleao_alo_alo_bahia.jpg\"><img loading=\"lazy\" decoding=\"async\" class=\"aligncenter size-medium wp-image-100808\" src=\"https:\/\/www.sudoestehoje.com.br\/novoportal\/wp-content\/uploads\/2022\/03\/ruieleao_alo_alo_bahia-500x365.jpg\" alt=\"\" width=\"500\" height=\"365\" srcset=\"https:\/\/www.sudoestehoje.com.br\/novoportal\/wp-content\/uploads\/2022\/03\/ruieleao_alo_alo_bahia-500x365.jpg 500w, https:\/\/www.sudoestehoje.com.br\/novoportal\/wp-content\/uploads\/2022\/03\/ruieleao_alo_alo_bahia-700x511.jpg 700w, https:\/\/www.sudoestehoje.com.br\/novoportal\/wp-content\/uploads\/2022\/03\/ruieleao_alo_alo_bahia-768x561.jpg 768w, https:\/\/www.sudoestehoje.com.br\/novoportal\/wp-content\/uploads\/2022\/03\/ruieleao_alo_alo_bahia.jpg 885w\" sizes=\"auto, (max-width: 500px) 100vw, 500px\" \/><\/a><\/p>\n<p>De acordo com o notici\u00e1rio da imprensa baiana, j\u00e1 \u00e9 dada como certa a sa\u00edda do PP do vice-governador Jo\u00e3o Le\u00e3o da base governista, depois das trapalhadas de Rui e Wagner na condu\u00e7\u00e3o desastrada para forma\u00e7\u00e3o da chapa \u00e0 sucess\u00e3o estadual.<\/p>\n<p>Destratado, humilhado e escanteado, Jo\u00e3o Le\u00e3o e seu grupo j\u00e1 estariam de malas prontas para aderir ao grupo do ex-prefeito de Salvador ACM Neto, assumindo a candidatura para o senado, com grande possibilidade de derrotar Otto Alencar, candidato natural do grupo governista.<\/p>\n<p>Nesse contexto, s\u00f3 restaria ao PT baiano, segundo nossa avalia\u00e7\u00e3o, a seguinte op\u00e7\u00e3o para manter o PP na sua base:<\/p>\n<p><strong><em>Rui renunciaria ao mandato de governador e se candidataria ao senado, Jo\u00e3o Le\u00e3o assumiria o governo at\u00e9 dezembro, Otto sairia como suplente de Rui ao senado e assumiria o mandato na hip\u00f3tese de Lula vencer as elei\u00e7\u00f5es e puxar Rui para um minist\u00e9rio, isto se Rui for eleito senador. O cabe\u00e7a da chapa pode ser Jer\u00f4nimo ou qualquer outro do PT, com chances m\u00ednimas de vit\u00f3ria. Outra op\u00e7\u00e3o seria Otto desistir do senado e disputar uma vaga na c\u00e2mara federal.<\/em><\/strong><\/p>\n<p>N\u00e3o tem outro jeito&#8230;<\/p>\n<p><em><strong>Por Davi Ferraz\u00a0<\/strong><\/em><\/p>\n","protected":false},"excerpt":{"rendered":"<p>De acordo com o notici\u00e1rio da imprensa baiana, j\u00e1 \u00e9 dada como certa a sa\u00edda do PP do vice-governador Jo\u00e3o Le\u00e3o da base governista, depois das trapalhadas de Rui e Wagner na condu\u00e7\u00e3o desastrada para forma\u00e7\u00e3o da chapa \u00e0 sucess\u00e3o estadual. Destratado, humilhado e escanteado, Jo\u00e3o Le\u00e3o e seu grupo j\u00e1 estariam de malas prontas [&hellip;]<\/p>\n","protected":false},"author":2,"featured_media":100808,"comment_status":"open","ping_status":"open","sticky":false,"template":"","format":"standard","meta":{"footnotes":"","_links_to":"","_links_to_target":""},"categories":[1],"tags":[],"class_list":["post-100804","post","type-post","status-publish","format-standard","has-post-thumbnail","hentry","category-geral"],"views":825,"_links":{"self":[{"href":"https:\/\/www.sudoestehoje.com.br\/novoportal\/wp-json\/wp\/v2\/posts\/100804","targetHints":{"allow":["GET"]}}],"collection":[{"href":"https:\/\/www.sudoestehoje.com.br\/novoportal\/wp-json\/wp\/v2\/posts"}],"about":[{"href":"https:\/\/www.sudoestehoje.com.br\/novoportal\/wp-json\/wp\/v2\/types\/post"}],"author":[{"embeddable":true,"href":"https:\/\/www.sudoestehoje.com.br\/novoportal\/wp-json\/wp\/v2\/users\/2"}],"replies":[{"embeddable":true,"href":"https:\/\/www.sudoestehoje.com.br\/novoportal\/wp-json\/wp\/v2\/comments?post=100804"}],"version-history":[{"count":7,"href":"https:\/\/www.sudoestehoje.com.br\/novoportal\/wp-json\/wp\/v2\/posts\/100804\/revisions"}],"predecessor-version":[{"id":100812,"href":"https:\/\/www.sudoestehoje.com.br\/novoportal\/wp-json\/wp\/v2\/posts\/100804\/revisions\/100812"}],"wp:featuredmedia":[{"embeddable":true,"href":"https:\/\/www.sudoestehoje.com.br\/novoportal\/wp-json\/wp\/v2\/media\/100808"}],"wp:attachment":[{"href":"https:\/\/www.sudoestehoje.com.br\/novoportal\/wp-json\/wp\/v2\/media?parent=100804"}],"wp:term":[{"taxonomy":"category","embeddable":true,"href":"https:\/\/www.sudoestehoje.com.br\/novoportal\/wp-json\/wp\/v2\/categories?post=100804"},{"taxonomy":"post_tag","embeddable":true,"href":"https:\/\/www.sudoestehoje.com.br\/novoportal\/wp-json\/wp\/v2\/tags?post=100804"}],"curies":[{"name":"wp","href":"https:\/\/api.w.org\/{rel}","templated":true}]}}