
{"id":100800,"date":"2022-03-13T22:06:44","date_gmt":"2022-03-14T01:06:44","guid":{"rendered":"https:\/\/www.sudoestehoje.com.br\/novoportal\/?p=100800"},"modified":"2022-03-13T22:06:44","modified_gmt":"2022-03-14T01:06:44","slug":"eleicoes-pp-de-joao-leao-rompe-com-rui-apoia-acm-neto-e-entrega-cargos","status":"publish","type":"post","link":"https:\/\/www.sudoestehoje.com.br\/novoportal\/2022\/03\/13\/eleicoes-pp-de-joao-leao-rompe-com-rui-apoia-acm-neto-e-entrega-cargos\/","title":{"rendered":"ELEI\u00c7\u00d5ES | PP DE JO\u00c3O LE\u00c3O ROMPE COM RUI, APOIA ACM NETO E ENTREGA CARGOS"},"content":{"rendered":"<p><a href=\"https:\/\/www.sudoestehoje.com.br\/novoportal\/wp-content\/uploads\/2022\/03\/maxresdefault-4-1024x576-1.jpg\"><img loading=\"lazy\" decoding=\"async\" class=\"aligncenter size-medium wp-image-100802\" src=\"https:\/\/www.sudoestehoje.com.br\/novoportal\/wp-content\/uploads\/2022\/03\/maxresdefault-4-1024x576-1-500x281.jpg\" alt=\"\" width=\"500\" height=\"281\" srcset=\"https:\/\/www.sudoestehoje.com.br\/novoportal\/wp-content\/uploads\/2022\/03\/maxresdefault-4-1024x576-1-500x281.jpg 500w, https:\/\/www.sudoestehoje.com.br\/novoportal\/wp-content\/uploads\/2022\/03\/maxresdefault-4-1024x576-1-700x394.jpg 700w, https:\/\/www.sudoestehoje.com.br\/novoportal\/wp-content\/uploads\/2022\/03\/maxresdefault-4-1024x576-1-768x432.jpg 768w, https:\/\/www.sudoestehoje.com.br\/novoportal\/wp-content\/uploads\/2022\/03\/maxresdefault-4-1024x576-1.jpg 1024w\" sizes=\"auto, (max-width: 500px) 100vw, 500px\" \/><\/a><\/p>\n<p>Por unanimidade da sua bancada de deputados federais e estaduais, o PP do vice-governador da Bahia decidiu romper com o governo petista de Rui Costa e Jaques Wagner, ap\u00f3s descumprimento de acordos por parte dos governistas.<\/p>\n<p>Ato cont\u00ednuo, Le\u00e3o fechou acordo pol\u00edtico com o oposicionista ACM Neto, e deve sair como candidato ao senado na chapa do ex-prefeito de Salvador, formando uma chapa considerada &#8220;imbat\u00edvel&#8221; por todos os setores pol\u00edticos e imprensa.<\/p>\n<p>O afastamento do vice-governador Jo\u00e3o Le\u00e3o (PP) do grupo governista seguir\u00e1 um rito.<\/p>\n<p>Primeiro, nesta segunda-feira (14), todo o PP entrega os cargos no governo.\u00a0Depois, na quinta ou sexta-feira, o rompimento com o governador Rui Costa (PT) ser\u00e1 anunciado.<\/p>\n<p>Todos acham que o senador Jaques Wagner (PT) n\u00e3o poderia ter feito maior desfeita ao vice ao\u00a0<a href=\"https:\/\/politicalivre.com.br\/2022\/03\/em-reviravolta-surpreendente-wagner-anuncia-que-rui-fica-ate-o-fim-do-governo-e-pt-encabecara-chapa-ao-governo\/#gsc.tab=0\">ter anunciado pela imprensa que Rui ficaria no mandato at\u00e9 o final e n\u00e3o entregaria o governo a ele, como haviam acordado<\/a>.<\/p>\n<p>O PP tem as secretarias de Desenvolvimento Econ\u00f4mico e Planejamento, ocupada pelo pr\u00f3prio Le\u00e3o, al\u00e9m da Bahiapesca e de, segundos os deputados, duas centenas de cargos no governo do estado.<\/p>\n<p><strong><em>Reda\u00e7\u00e3o<\/em><\/strong><\/p>\n","protected":false},"excerpt":{"rendered":"<p>Por unanimidade da sua bancada de deputados federais e estaduais, o PP do vice-governador da Bahia decidiu romper com o governo petista de Rui Costa e Jaques Wagner, ap\u00f3s descumprimento de acordos por parte dos governistas. Ato cont\u00ednuo, Le\u00e3o fechou acordo pol\u00edtico com o oposicionista ACM Neto, e deve sair como candidato ao senado na [&hellip;]<\/p>\n","protected":false},"author":2,"featured_media":100802,"comment_status":"open","ping_status":"open","sticky":false,"template":"","format":"standard","meta":{"footnotes":"","_links_to":"","_links_to_target":""},"categories":[1],"tags":[],"class_list":["post-100800","post","type-post","status-publish","format-standard","has-post-thumbnail","hentry","category-geral"],"views":1221,"_links":{"self":[{"href":"https:\/\/www.sudoestehoje.com.br\/novoportal\/wp-json\/wp\/v2\/posts\/100800","targetHints":{"allow":["GET"]}}],"collection":[{"href":"https:\/\/www.sudoestehoje.com.br\/novoportal\/wp-json\/wp\/v2\/posts"}],"about":[{"href":"https:\/\/www.sudoestehoje.com.br\/novoportal\/wp-json\/wp\/v2\/types\/post"}],"author":[{"embeddable":true,"href":"https:\/\/www.sudoestehoje.com.br\/novoportal\/wp-json\/wp\/v2\/users\/2"}],"replies":[{"embeddable":true,"href":"https:\/\/www.sudoestehoje.com.br\/novoportal\/wp-json\/wp\/v2\/comments?post=100800"}],"version-history":[{"count":2,"href":"https:\/\/www.sudoestehoje.com.br\/novoportal\/wp-json\/wp\/v2\/posts\/100800\/revisions"}],"predecessor-version":[{"id":100803,"href":"https:\/\/www.sudoestehoje.com.br\/novoportal\/wp-json\/wp\/v2\/posts\/100800\/revisions\/100803"}],"wp:featuredmedia":[{"embeddable":true,"href":"https:\/\/www.sudoestehoje.com.br\/novoportal\/wp-json\/wp\/v2\/media\/100802"}],"wp:attachment":[{"href":"https:\/\/www.sudoestehoje.com.br\/novoportal\/wp-json\/wp\/v2\/media?parent=100800"}],"wp:term":[{"taxonomy":"category","embeddable":true,"href":"https:\/\/www.sudoestehoje.com.br\/novoportal\/wp-json\/wp\/v2\/categories?post=100800"},{"taxonomy":"post_tag","embeddable":true,"href":"https:\/\/www.sudoestehoje.com.br\/novoportal\/wp-json\/wp\/v2\/tags?post=100800"}],"curies":[{"name":"wp","href":"https:\/\/api.w.org\/{rel}","templated":true}]}}