
{"id":100779,"date":"2022-03-12T18:00:53","date_gmt":"2022-03-12T21:00:53","guid":{"rendered":"https:\/\/www.sudoestehoje.com.br\/novoportal\/?p=100779"},"modified":"2022-03-12T18:00:53","modified_gmt":"2022-03-12T21:00:53","slug":"virou-meme-vereador-de-camboriu-sugere-que-pessoas-feias-continuem-usando-mascara","status":"publish","type":"post","link":"https:\/\/www.sudoestehoje.com.br\/novoportal\/2022\/03\/12\/virou-meme-vereador-de-camboriu-sugere-que-pessoas-feias-continuem-usando-mascara\/","title":{"rendered":"VIROU MEME | VEREADOR DE CAMBORI\u00da SUGERE QUE PESSOAS FEIAS CONTINUEM USANDO M\u00c1SCARA"},"content":{"rendered":"<div class=\"texto\">\n<p><a href=\"https:\/\/www.sudoestehoje.com.br\/novoportal\/wp-content\/uploads\/2022\/03\/feio-de-mascara-coronavirus.jpg\"><img loading=\"lazy\" decoding=\"async\" class=\"size-medium wp-image-100783\" src=\"https:\/\/www.sudoestehoje.com.br\/novoportal\/wp-content\/uploads\/2022\/03\/feio-de-mascara-coronavirus-500x360.jpg\" alt=\"\" width=\"500\" height=\"360\" srcset=\"https:\/\/www.sudoestehoje.com.br\/novoportal\/wp-content\/uploads\/2022\/03\/feio-de-mascara-coronavirus-500x360.jpg 500w, https:\/\/www.sudoestehoje.com.br\/novoportal\/wp-content\/uploads\/2022\/03\/feio-de-mascara-coronavirus-700x504.jpg 700w, https:\/\/www.sudoestehoje.com.br\/novoportal\/wp-content\/uploads\/2022\/03\/feio-de-mascara-coronavirus.jpg 714w\" sizes=\"auto, (max-width: 500px) 100vw, 500px\" \/><\/a><\/p>\n<p>Uma publica\u00e7\u00e3o que gerou repercuss\u00e3o negativa foi o motivo de Victor Hugo Forte (PL), vereador de Balne\u00e1rio Cambori\u00fa, cidade a 80 quil\u00f4metros de Florian\u00f3polis, pedir desculpas publicamente. &#8220;Prefeitura de Balne\u00e1rio Cambori\u00fa solicita aos mun\u00edcipes feios que continuem de m\u00e1scara&#8221;, escreveu no post em tom de brincadeira. A publica\u00e7\u00e3o, feita originalmente para um grupo de amigos, vazou e viralizou na internet. &#8220;Era um meme desses que a gente recebe todo dia no WhatsApp, sabe? Isso acabou ofendendo alguns&#8221;, escreveu o parlamentar.<\/p>\n<p>Na imagem criticada por uma parte da popula\u00e7\u00e3o local, o pr\u00f3prio vereador aparecia na foto, ao lado esquerdo. J\u00e1 do outro lado, uma esp\u00e9cie de card feito pela prefeitura da cidade com um comunicado solicitando que as &#8220;pessoas feias continuem usando m\u00e1scara&#8221;. O post fazia refer\u00eancia ao decreto lan\u00e7ado nesta semana que desobriga o uso de m\u00e1scaras em ambientes fechados.<\/p>\n<p>&#8220;\u00c0s pessoas que se sentiram ofendidas, meu pedido de desculpas. Todos merecem respeito&#8221;, destacou na publica\u00e7\u00e3o feita horas depois da viraliza\u00e7\u00e3o. Ao longo do texto publicado em seu Instagram oficial, o pol\u00edtico admitiu ter errado, mas tamb\u00e9m afirmou que a repercuss\u00e3o do caso foi usada por opositores &#8220;serviu como prato cheio \u00e0 velha pol\u00edtica&#8221;.<\/p>\n<\/div>\n<div id=\"related-widget-intext\">\n<div class=\"relacionadas-widget\">\n<div class=\"relacionadas-content\">\n<div class=\"header-widget\"><\/div>\n<\/div>\n<\/div>\n<\/div>\n<div class=\"texto\"><\/div>\n<div class=\"action read-more-article flex center\"><\/div>\n","protected":false},"excerpt":{"rendered":"<p>Uma publica\u00e7\u00e3o que gerou repercuss\u00e3o negativa foi o motivo de Victor Hugo Forte (PL), vereador de Balne\u00e1rio Cambori\u00fa, cidade a 80 quil\u00f4metros de Florian\u00f3polis, pedir desculpas publicamente. &#8220;Prefeitura de Balne\u00e1rio Cambori\u00fa solicita aos mun\u00edcipes feios que continuem de m\u00e1scara&#8221;, escreveu no post em tom de brincadeira. A publica\u00e7\u00e3o, feita originalmente para um grupo de amigos, [&hellip;]<\/p>\n","protected":false},"author":2,"featured_media":100783,"comment_status":"open","ping_status":"open","sticky":false,"template":"","format":"standard","meta":{"footnotes":"","_links_to":"","_links_to_target":""},"categories":[1],"tags":[],"class_list":["post-100779","post","type-post","status-publish","format-standard","has-post-thumbnail","hentry","category-geral"],"views":1424,"_links":{"self":[{"href":"https:\/\/www.sudoestehoje.com.br\/novoportal\/wp-json\/wp\/v2\/posts\/100779","targetHints":{"allow":["GET"]}}],"collection":[{"href":"https:\/\/www.sudoestehoje.com.br\/novoportal\/wp-json\/wp\/v2\/posts"}],"about":[{"href":"https:\/\/www.sudoestehoje.com.br\/novoportal\/wp-json\/wp\/v2\/types\/post"}],"author":[{"embeddable":true,"href":"https:\/\/www.sudoestehoje.com.br\/novoportal\/wp-json\/wp\/v2\/users\/2"}],"replies":[{"embeddable":true,"href":"https:\/\/www.sudoestehoje.com.br\/novoportal\/wp-json\/wp\/v2\/comments?post=100779"}],"version-history":[{"count":6,"href":"https:\/\/www.sudoestehoje.com.br\/novoportal\/wp-json\/wp\/v2\/posts\/100779\/revisions"}],"predecessor-version":[{"id":100786,"href":"https:\/\/www.sudoestehoje.com.br\/novoportal\/wp-json\/wp\/v2\/posts\/100779\/revisions\/100786"}],"wp:featuredmedia":[{"embeddable":true,"href":"https:\/\/www.sudoestehoje.com.br\/novoportal\/wp-json\/wp\/v2\/media\/100783"}],"wp:attachment":[{"href":"https:\/\/www.sudoestehoje.com.br\/novoportal\/wp-json\/wp\/v2\/media?parent=100779"}],"wp:term":[{"taxonomy":"category","embeddable":true,"href":"https:\/\/www.sudoestehoje.com.br\/novoportal\/wp-json\/wp\/v2\/categories?post=100779"},{"taxonomy":"post_tag","embeddable":true,"href":"https:\/\/www.sudoestehoje.com.br\/novoportal\/wp-json\/wp\/v2\/tags?post=100779"}],"curies":[{"name":"wp","href":"https:\/\/api.w.org\/{rel}","templated":true}]}}