
{"id":100775,"date":"2022-03-12T17:45:40","date_gmt":"2022-03-12T20:45:40","guid":{"rendered":"https:\/\/www.sudoestehoje.com.br\/novoportal\/?p=100775"},"modified":"2022-03-12T17:45:40","modified_gmt":"2022-03-12T20:45:40","slug":"fhc-quebra-o-femur-em-casa-e-e-internado","status":"publish","type":"post","link":"https:\/\/www.sudoestehoje.com.br\/novoportal\/2022\/03\/12\/fhc-quebra-o-femur-em-casa-e-e-internado\/","title":{"rendered":"FHC QUEBRA O F\u00caMUR EM CASA E \u00c9 INTERNADO"},"content":{"rendered":"<p><a href=\"https:\/\/www.sudoestehoje.com.br\/novoportal\/wp-content\/uploads\/2022\/03\/Fernando-Henrique-Cardoso-e1518801590104.jpg\"><img loading=\"lazy\" decoding=\"async\" class=\"aligncenter size-medium wp-image-100777\" src=\"https:\/\/www.sudoestehoje.com.br\/novoportal\/wp-content\/uploads\/2022\/03\/Fernando-Henrique-Cardoso-e1518801590104-500x341.jpg\" alt=\"\" width=\"500\" height=\"341\" srcset=\"https:\/\/www.sudoestehoje.com.br\/novoportal\/wp-content\/uploads\/2022\/03\/Fernando-Henrique-Cardoso-e1518801590104-500x341.jpg 500w, https:\/\/www.sudoestehoje.com.br\/novoportal\/wp-content\/uploads\/2022\/03\/Fernando-Henrique-Cardoso-e1518801590104-700x478.jpg 700w, https:\/\/www.sudoestehoje.com.br\/novoportal\/wp-content\/uploads\/2022\/03\/Fernando-Henrique-Cardoso-e1518801590104-768x524.jpg 768w, https:\/\/www.sudoestehoje.com.br\/novoportal\/wp-content\/uploads\/2022\/03\/Fernando-Henrique-Cardoso-e1518801590104.jpg 840w\" sizes=\"auto, (max-width: 500px) 100vw, 500px\" \/><\/a><\/p>\n<p>O ex-presidente Fernando Henrique Cardoso, 90 anos, foi internado nesta sexta-feira (11), em S\u00e3o Paulo. Ele teve uma fratura no f\u00eamur ap\u00f3s sofrer um acidente.<\/p>\n<p>FHC est\u00e1 internado no Hospital Albert Eistein e, segundo o colunista Ancelmo Gois do jornal\u00a0<em>O Globo<\/em>, seu estado de sa\u00fade \u00e9 bom.<\/p>\n<p>O PSDB, partido ao qual \u00e9 filiado, fez uma publica\u00e7\u00e3o no\u00a0<em>Twitter<\/em>\u00a0desejando uma boa recupera\u00e7\u00e3o ao ex-presidente.<\/p>\n","protected":false},"excerpt":{"rendered":"<p>O ex-presidente Fernando Henrique Cardoso, 90 anos, foi internado nesta sexta-feira (11), em S\u00e3o Paulo. Ele teve uma fratura no f\u00eamur ap\u00f3s sofrer um acidente. FHC est\u00e1 internado no Hospital Albert Eistein e, segundo o colunista Ancelmo Gois do jornal\u00a0O Globo, seu estado de sa\u00fade \u00e9 bom. O PSDB, partido ao qual \u00e9 filiado, fez [&hellip;]<\/p>\n","protected":false},"author":2,"featured_media":100777,"comment_status":"open","ping_status":"open","sticky":false,"template":"","format":"standard","meta":{"footnotes":"","_links_to":"","_links_to_target":""},"categories":[1],"tags":[],"class_list":["post-100775","post","type-post","status-publish","format-standard","has-post-thumbnail","hentry","category-geral"],"views":731,"_links":{"self":[{"href":"https:\/\/www.sudoestehoje.com.br\/novoportal\/wp-json\/wp\/v2\/posts\/100775","targetHints":{"allow":["GET"]}}],"collection":[{"href":"https:\/\/www.sudoestehoje.com.br\/novoportal\/wp-json\/wp\/v2\/posts"}],"about":[{"href":"https:\/\/www.sudoestehoje.com.br\/novoportal\/wp-json\/wp\/v2\/types\/post"}],"author":[{"embeddable":true,"href":"https:\/\/www.sudoestehoje.com.br\/novoportal\/wp-json\/wp\/v2\/users\/2"}],"replies":[{"embeddable":true,"href":"https:\/\/www.sudoestehoje.com.br\/novoportal\/wp-json\/wp\/v2\/comments?post=100775"}],"version-history":[{"count":2,"href":"https:\/\/www.sudoestehoje.com.br\/novoportal\/wp-json\/wp\/v2\/posts\/100775\/revisions"}],"predecessor-version":[{"id":100778,"href":"https:\/\/www.sudoestehoje.com.br\/novoportal\/wp-json\/wp\/v2\/posts\/100775\/revisions\/100778"}],"wp:featuredmedia":[{"embeddable":true,"href":"https:\/\/www.sudoestehoje.com.br\/novoportal\/wp-json\/wp\/v2\/media\/100777"}],"wp:attachment":[{"href":"https:\/\/www.sudoestehoje.com.br\/novoportal\/wp-json\/wp\/v2\/media?parent=100775"}],"wp:term":[{"taxonomy":"category","embeddable":true,"href":"https:\/\/www.sudoestehoje.com.br\/novoportal\/wp-json\/wp\/v2\/categories?post=100775"},{"taxonomy":"post_tag","embeddable":true,"href":"https:\/\/www.sudoestehoje.com.br\/novoportal\/wp-json\/wp\/v2\/tags?post=100775"}],"curies":[{"name":"wp","href":"https:\/\/api.w.org\/{rel}","templated":true}]}}