
{"id":100766,"date":"2022-03-10T23:02:22","date_gmt":"2022-03-11T02:02:22","guid":{"rendered":"https:\/\/www.sudoestehoje.com.br\/novoportal\/?p=100766"},"modified":"2022-03-10T23:02:22","modified_gmt":"2022-03-11T02:02:22","slug":"eleicoes-bolsonaro-confirma-candidatura-de-joao-roma-ao-governo-da-bahia","status":"publish","type":"post","link":"https:\/\/www.sudoestehoje.com.br\/novoportal\/2022\/03\/10\/eleicoes-bolsonaro-confirma-candidatura-de-joao-roma-ao-governo-da-bahia\/","title":{"rendered":"ELEI\u00c7\u00d5ES | BOLSONARO CONFIRMA CANDIDATURA DE JO\u00c3O ROMA AO GOVERNO DA BAHIA"},"content":{"rendered":"<p><a href=\"https:\/\/www.sudoestehoje.com.br\/novoportal\/wp-content\/uploads\/2022\/03\/bolsonaro-e-roma-1.jpg\"><img loading=\"lazy\" decoding=\"async\" class=\"aligncenter size-medium wp-image-100769\" src=\"https:\/\/www.sudoestehoje.com.br\/novoportal\/wp-content\/uploads\/2022\/03\/bolsonaro-e-roma-1-500x350.jpg\" alt=\"\" width=\"500\" height=\"350\" srcset=\"https:\/\/www.sudoestehoje.com.br\/novoportal\/wp-content\/uploads\/2022\/03\/bolsonaro-e-roma-1-500x350.jpg 500w, https:\/\/www.sudoestehoje.com.br\/novoportal\/wp-content\/uploads\/2022\/03\/bolsonaro-e-roma-1.jpg 600w\" sizes=\"auto, (max-width: 500px) 100vw, 500px\" \/><\/a><\/p>\n<p>O presidente Jair Bolsonaro (PL) confirmou as especula\u00e7\u00f5es sobre o ministro\u00a0 da Cidadania, Jo\u00e3o Roma, disputar as elei\u00e7\u00f5es ao governo da Bahia. Em live realizada na noite desta quinta-feira (10) pelas redes sociais, o presidente disse que Roma e outros seis ministros v\u00e3o deixar o minist\u00e9rio at\u00e9 o dia 2 de abril para se candidatar.<\/p>\n<p>\u201cNo momento n\u00f3s temos aqui sete ministros confirmados que se afastar\u00e3o para se desincompatibilizar e concorrer ent\u00e3o ao Senado ou ao governo do estado [\u2026] Na Bahia, Jo\u00e3o Roma governador\u201d, disse Bolsonaro, ao ler uma lista com nome dos seus postulantes nos estados.<\/p>\n<p>O presidente se mostrou mais entusiasmado\u00a0com a candidatura do ministro da Infraestrutura Tarc\u00edsio de Freitas ao governo de S\u00e3o Paulo, mas disse acreditar que seja poss\u00edvel que os outros candidatos tamb\u00e9m tenham chances. \u201cTemos muita esperan\u00e7a no Tarc\u00edsio em S\u00e3o Paulo, mas todos esse aqui t\u00eam chances de se eleger porque saem mostrando alguma coisa, o que ele fez\u201d, disse o presidente.<\/p>\n<p>Al\u00e9m de Roma, devem deixar o governo:<\/p>\n<p>\u2013 Damares Alves (Direitos Humanos), que disputar\u00e1 o governo do Amap\u00e1;<\/p>\n<p>\u2013 Gilson Machado (Turismo), Senador por Pernambuco;<\/p>\n<p>\u2013 Tarc\u00edsio de Freitas (Infraestrutura), governo de S\u00e3o Paulo;<\/p>\n<p>\u2013 Rog\u00e9rio Marinho (Desenvolvimento Regional), Senado pelo Rio Grande do Norte;<\/p>\n<p>\u2013 Onyx Lorenzoni (Trabalho e Previd\u00eancia), governo pelo Rio Grande do Sul;<\/p>\n<p>\u2013 Tereza Cristina (Agricultura), Senado pelo Mato Grosso do Sul;<\/p>\n<p>\u2013 Fl\u00e1via Arruda (Secretaria de Governo), Senado pelo Distrito Federal;<\/p>\n<p>\u2013 Marcos Pontes (Ci\u00eancia e Tecnologia), deputado federal por S\u00e3o Paulo.<\/p>\n","protected":false},"excerpt":{"rendered":"<p>O presidente Jair Bolsonaro (PL) confirmou as especula\u00e7\u00f5es sobre o ministro\u00a0 da Cidadania, Jo\u00e3o Roma, disputar as elei\u00e7\u00f5es ao governo da Bahia. Em live realizada na noite desta quinta-feira (10) pelas redes sociais, o presidente disse que Roma e outros seis ministros v\u00e3o deixar o minist\u00e9rio at\u00e9 o dia 2 de abril para se candidatar. [&hellip;]<\/p>\n","protected":false},"author":2,"featured_media":100769,"comment_status":"open","ping_status":"open","sticky":false,"template":"","format":"standard","meta":{"footnotes":"","_links_to":"","_links_to_target":""},"categories":[1],"tags":[],"class_list":["post-100766","post","type-post","status-publish","format-standard","has-post-thumbnail","hentry","category-geral"],"views":921,"_links":{"self":[{"href":"https:\/\/www.sudoestehoje.com.br\/novoportal\/wp-json\/wp\/v2\/posts\/100766","targetHints":{"allow":["GET"]}}],"collection":[{"href":"https:\/\/www.sudoestehoje.com.br\/novoportal\/wp-json\/wp\/v2\/posts"}],"about":[{"href":"https:\/\/www.sudoestehoje.com.br\/novoportal\/wp-json\/wp\/v2\/types\/post"}],"author":[{"embeddable":true,"href":"https:\/\/www.sudoestehoje.com.br\/novoportal\/wp-json\/wp\/v2\/users\/2"}],"replies":[{"embeddable":true,"href":"https:\/\/www.sudoestehoje.com.br\/novoportal\/wp-json\/wp\/v2\/comments?post=100766"}],"version-history":[{"count":2,"href":"https:\/\/www.sudoestehoje.com.br\/novoportal\/wp-json\/wp\/v2\/posts\/100766\/revisions"}],"predecessor-version":[{"id":100770,"href":"https:\/\/www.sudoestehoje.com.br\/novoportal\/wp-json\/wp\/v2\/posts\/100766\/revisions\/100770"}],"wp:featuredmedia":[{"embeddable":true,"href":"https:\/\/www.sudoestehoje.com.br\/novoportal\/wp-json\/wp\/v2\/media\/100769"}],"wp:attachment":[{"href":"https:\/\/www.sudoestehoje.com.br\/novoportal\/wp-json\/wp\/v2\/media?parent=100766"}],"wp:term":[{"taxonomy":"category","embeddable":true,"href":"https:\/\/www.sudoestehoje.com.br\/novoportal\/wp-json\/wp\/v2\/categories?post=100766"},{"taxonomy":"post_tag","embeddable":true,"href":"https:\/\/www.sudoestehoje.com.br\/novoportal\/wp-json\/wp\/v2\/tags?post=100766"}],"curies":[{"name":"wp","href":"https:\/\/api.w.org\/{rel}","templated":true}]}}