
{"id":100761,"date":"2022-03-10T22:09:11","date_gmt":"2022-03-11T01:09:11","guid":{"rendered":"https:\/\/www.sudoestehoje.com.br\/novoportal\/?p=100761"},"modified":"2022-03-10T22:21:05","modified_gmt":"2022-03-11T01:21:05","slug":"numeros-da-pandemia-caem-em-itapetinga","status":"publish","type":"post","link":"https:\/\/www.sudoestehoje.com.br\/novoportal\/2022\/03\/10\/numeros-da-pandemia-caem-em-itapetinga\/","title":{"rendered":"N\u00daMEROS DA PANDEMIA CAEM EM ITAPETINGA"},"content":{"rendered":"<p><a href=\"https:\/\/www.sudoestehoje.com.br\/novoportal\/wp-content\/uploads\/2022\/03\/WhatsApp-Image-2022-03-10-at-22.07.05.jpeg\"><img loading=\"lazy\" decoding=\"async\" class=\"aligncenter size-medium wp-image-100764\" src=\"https:\/\/www.sudoestehoje.com.br\/novoportal\/wp-content\/uploads\/2022\/03\/WhatsApp-Image-2022-03-10-at-22.07.05-500x263.jpeg\" alt=\"\" width=\"500\" height=\"263\" srcset=\"https:\/\/www.sudoestehoje.com.br\/novoportal\/wp-content\/uploads\/2022\/03\/WhatsApp-Image-2022-03-10-at-22.07.05-500x263.jpeg 500w, https:\/\/www.sudoestehoje.com.br\/novoportal\/wp-content\/uploads\/2022\/03\/WhatsApp-Image-2022-03-10-at-22.07.05-700x369.jpeg 700w, https:\/\/www.sudoestehoje.com.br\/novoportal\/wp-content\/uploads\/2022\/03\/WhatsApp-Image-2022-03-10-at-22.07.05-768x404.jpeg 768w, https:\/\/www.sudoestehoje.com.br\/novoportal\/wp-content\/uploads\/2022\/03\/WhatsApp-Image-2022-03-10-at-22.07.05-1536x809.jpeg 1536w, https:\/\/www.sudoestehoje.com.br\/novoportal\/wp-content\/uploads\/2022\/03\/WhatsApp-Image-2022-03-10-at-22.07.05.jpeg 1559w\" sizes=\"auto, (max-width: 500px) 100vw, 500px\" \/><\/a><\/p>\n<p>Nas \u00faltimas semanas, os n\u00fameros da pandemia de Covid-19 v\u00eam caindo em Itapetinga, de acordo com dados da Secretaria Municipal de Sa\u00fade.<\/p>\n<p>Os \u00f3bitos, que cresceram em janeiro e fevereiro, ca\u00edram drasticamente em mar\u00e7o e n\u00e3o h\u00e1 registro de nenhuma morte por Covid-19 nos \u00faltimos 15 dias.<\/p>\n<p>De acordo com o boletim da prefeitura, os casos ativos baixaram para apenas 26 nesta quinta-feira (10), depois de terem se aproximado dos 400, um m\u00eas atr\u00e1s.<\/p>\n<p>De acordo com dados da Sesab, a tend\u00eancia \u00e9 que haja uma diminui\u00e7\u00e3o acentuada a partir deste m\u00eas, em toda a Bahia, o que possibilitar\u00e1 o retorno \u00e0 &#8216;normalidade&#8217;.<\/p>\n<p><strong><em>Por Davi Ferraz<\/em><\/strong><\/p>\n","protected":false},"excerpt":{"rendered":"<p>Nas \u00faltimas semanas, os n\u00fameros da pandemia de Covid-19 v\u00eam caindo em Itapetinga, de acordo com dados da Secretaria Municipal de Sa\u00fade. Os \u00f3bitos, que cresceram em janeiro e fevereiro, ca\u00edram drasticamente em mar\u00e7o e n\u00e3o h\u00e1 registro de nenhuma morte por Covid-19 nos \u00faltimos 15 dias. De acordo com o boletim da prefeitura, os [&hellip;]<\/p>\n","protected":false},"author":2,"featured_media":100764,"comment_status":"open","ping_status":"open","sticky":false,"template":"","format":"standard","meta":{"footnotes":"","_links_to":"","_links_to_target":""},"categories":[1],"tags":[],"class_list":["post-100761","post","type-post","status-publish","format-standard","has-post-thumbnail","hentry","category-geral"],"views":733,"_links":{"self":[{"href":"https:\/\/www.sudoestehoje.com.br\/novoportal\/wp-json\/wp\/v2\/posts\/100761","targetHints":{"allow":["GET"]}}],"collection":[{"href":"https:\/\/www.sudoestehoje.com.br\/novoportal\/wp-json\/wp\/v2\/posts"}],"about":[{"href":"https:\/\/www.sudoestehoje.com.br\/novoportal\/wp-json\/wp\/v2\/types\/post"}],"author":[{"embeddable":true,"href":"https:\/\/www.sudoestehoje.com.br\/novoportal\/wp-json\/wp\/v2\/users\/2"}],"replies":[{"embeddable":true,"href":"https:\/\/www.sudoestehoje.com.br\/novoportal\/wp-json\/wp\/v2\/comments?post=100761"}],"version-history":[{"count":3,"href":"https:\/\/www.sudoestehoje.com.br\/novoportal\/wp-json\/wp\/v2\/posts\/100761\/revisions"}],"predecessor-version":[{"id":100765,"href":"https:\/\/www.sudoestehoje.com.br\/novoportal\/wp-json\/wp\/v2\/posts\/100761\/revisions\/100765"}],"wp:featuredmedia":[{"embeddable":true,"href":"https:\/\/www.sudoestehoje.com.br\/novoportal\/wp-json\/wp\/v2\/media\/100764"}],"wp:attachment":[{"href":"https:\/\/www.sudoestehoje.com.br\/novoportal\/wp-json\/wp\/v2\/media?parent=100761"}],"wp:term":[{"taxonomy":"category","embeddable":true,"href":"https:\/\/www.sudoestehoje.com.br\/novoportal\/wp-json\/wp\/v2\/categories?post=100761"},{"taxonomy":"post_tag","embeddable":true,"href":"https:\/\/www.sudoestehoje.com.br\/novoportal\/wp-json\/wp\/v2\/tags?post=100761"}],"curies":[{"name":"wp","href":"https:\/\/api.w.org\/{rel}","templated":true}]}}