
{"id":100737,"date":"2022-03-08T22:44:28","date_gmt":"2022-03-09T01:44:28","guid":{"rendered":"https:\/\/www.sudoestehoje.com.br\/novoportal\/?p=100737"},"modified":"2022-03-08T22:44:28","modified_gmt":"2022-03-09T01:44:28","slug":"itapetinga-exposicao-agropecuaria-e-confirmada-para-o-mes-de-maio","status":"publish","type":"post","link":"https:\/\/www.sudoestehoje.com.br\/novoportal\/2022\/03\/08\/itapetinga-exposicao-agropecuaria-e-confirmada-para-o-mes-de-maio\/","title":{"rendered":"ITAPETINGA | EXPOSI\u00c7\u00c3O AGROPECU\u00c1RIA \u00c9 CONFIRMADA PARA O M\u00caS DE MAIO"},"content":{"rendered":"<div id=\"attachment_100738\" style=\"width: 460px\" class=\"wp-caption aligncenter\"><a href=\"https:\/\/www.sudoestehoje.com.br\/novoportal\/wp-content\/uploads\/2022\/03\/02.jpg\"><img loading=\"lazy\" decoding=\"async\" aria-describedby=\"caption-attachment-100738\" class=\"size-full wp-image-100738\" src=\"https:\/\/www.sudoestehoje.com.br\/novoportal\/wp-content\/uploads\/2022\/03\/02.jpg\" alt=\"\" width=\"450\" height=\"302\" \/><\/a><p id=\"caption-attachment-100738\" class=\"wp-caption-text\"><strong><em>FOTO ARQUIVO SUDOESTE HOJE<\/em><\/strong><\/p><\/div>\n<p>Depois de cancelar por dois anos consecutivos um dos maiores eventos da pecu\u00e1ria baiana, devido \u00e0 pandemia, o Sindicato Rural de Itapetinga confirmou a realiza\u00e7\u00e3o da 50\u00aa EXPOSI\u00c7\u00c3O AGROPECU\u00c1RIA para o pr\u00f3ximo m\u00eas de maio, entre os dias 17 e 22.<\/p>\n<p>Em contato com o <em>Sudoeste Hoje<\/em>, o presidente Eder Rezende confirmou a data e assegurou que o Sindicato Rural vem mantendo contato com tradicionais expositores e entidades ligadas \u00e0 pecu\u00e1ria, no intuito de realizar uma grande festa em Itapetinga, a &#8216;Capital da Pecu\u00e1ria Baiana&#8217;, mantendo a tradi\u00e7\u00e3o.<\/p>\n<p>Eder afirmou que a organiza\u00e7\u00e3o do evento conta com o apoio irrestrito do prefeito Rodrigo Hagge, que j\u00e1 disponibilizou toda a estrutura e pessoal da prefeitura para auxiliar na organiza\u00e7\u00e3o do evento, como nos anos anteriores.<\/p>\n<p>Por d\u00e9cadas, a Exposi\u00e7\u00e3o Agropecu\u00e1ria \u00e9 considerada o maior evento da regi\u00e3o, atraindo expositores e visitantes de todo o Brasil.<\/p>\n<p><strong><em>Por Davi Ferraz<\/em><\/strong><\/p>\n","protected":false},"excerpt":{"rendered":"<p>Depois de cancelar por dois anos consecutivos um dos maiores eventos da pecu\u00e1ria baiana, devido \u00e0 pandemia, o Sindicato Rural de Itapetinga confirmou a realiza\u00e7\u00e3o da 50\u00aa EXPOSI\u00c7\u00c3O AGROPECU\u00c1RIA para o pr\u00f3ximo m\u00eas de maio, entre os dias 17 e 22. Em contato com o Sudoeste Hoje, o presidente Eder Rezende confirmou a data e [&hellip;]<\/p>\n","protected":false},"author":2,"featured_media":100738,"comment_status":"open","ping_status":"open","sticky":false,"template":"","format":"standard","meta":{"footnotes":"","_links_to":"","_links_to_target":""},"categories":[1],"tags":[],"class_list":["post-100737","post","type-post","status-publish","format-standard","has-post-thumbnail","hentry","category-geral"],"views":7004,"_links":{"self":[{"href":"https:\/\/www.sudoestehoje.com.br\/novoportal\/wp-json\/wp\/v2\/posts\/100737","targetHints":{"allow":["GET"]}}],"collection":[{"href":"https:\/\/www.sudoestehoje.com.br\/novoportal\/wp-json\/wp\/v2\/posts"}],"about":[{"href":"https:\/\/www.sudoestehoje.com.br\/novoportal\/wp-json\/wp\/v2\/types\/post"}],"author":[{"embeddable":true,"href":"https:\/\/www.sudoestehoje.com.br\/novoportal\/wp-json\/wp\/v2\/users\/2"}],"replies":[{"embeddable":true,"href":"https:\/\/www.sudoestehoje.com.br\/novoportal\/wp-json\/wp\/v2\/comments?post=100737"}],"version-history":[{"count":2,"href":"https:\/\/www.sudoestehoje.com.br\/novoportal\/wp-json\/wp\/v2\/posts\/100737\/revisions"}],"predecessor-version":[{"id":100740,"href":"https:\/\/www.sudoestehoje.com.br\/novoportal\/wp-json\/wp\/v2\/posts\/100737\/revisions\/100740"}],"wp:featuredmedia":[{"embeddable":true,"href":"https:\/\/www.sudoestehoje.com.br\/novoportal\/wp-json\/wp\/v2\/media\/100738"}],"wp:attachment":[{"href":"https:\/\/www.sudoestehoje.com.br\/novoportal\/wp-json\/wp\/v2\/media?parent=100737"}],"wp:term":[{"taxonomy":"category","embeddable":true,"href":"https:\/\/www.sudoestehoje.com.br\/novoportal\/wp-json\/wp\/v2\/categories?post=100737"},{"taxonomy":"post_tag","embeddable":true,"href":"https:\/\/www.sudoestehoje.com.br\/novoportal\/wp-json\/wp\/v2\/tags?post=100737"}],"curies":[{"name":"wp","href":"https:\/\/api.w.org\/{rel}","templated":true}]}}