
{"id":100699,"date":"2022-03-07T17:12:16","date_gmt":"2022-03-07T20:12:16","guid":{"rendered":"https:\/\/www.sudoestehoje.com.br\/novoportal\/?p=100699"},"modified":"2022-03-07T17:12:16","modified_gmt":"2022-03-07T20:12:16","slug":"com-nova-reviravolta-pp-de-joao-leao-nao-descarta-romper-com-o-pt-e-apoiar-acm-neto","status":"publish","type":"post","link":"https:\/\/www.sudoestehoje.com.br\/novoportal\/2022\/03\/07\/com-nova-reviravolta-pp-de-joao-leao-nao-descarta-romper-com-o-pt-e-apoiar-acm-neto\/","title":{"rendered":"COM NOVA REVIRAVOLTA, PP DE JO\u00c3O LE\u00c3O N\u00c3O DESCARTA ROMPER COM O PT E APOIAR ACM NETO"},"content":{"rendered":"<p><a href=\"https:\/\/www.sudoestehoje.com.br\/novoportal\/wp-content\/uploads\/2022\/03\/1-164.jpg\"><img loading=\"lazy\" decoding=\"async\" class=\"aligncenter size-medium wp-image-100702\" src=\"https:\/\/www.sudoestehoje.com.br\/novoportal\/wp-content\/uploads\/2022\/03\/1-164-500x281.jpg\" alt=\"\" width=\"500\" height=\"281\" srcset=\"https:\/\/www.sudoestehoje.com.br\/novoportal\/wp-content\/uploads\/2022\/03\/1-164-500x281.jpg 500w, https:\/\/www.sudoestehoje.com.br\/novoportal\/wp-content\/uploads\/2022\/03\/1-164-700x393.jpg 700w, https:\/\/www.sudoestehoje.com.br\/novoportal\/wp-content\/uploads\/2022\/03\/1-164-768x431.jpg 768w, https:\/\/www.sudoestehoje.com.br\/novoportal\/wp-content\/uploads\/2022\/03\/1-164.jpg 890w\" sizes=\"auto, (max-width: 500px) 100vw, 500px\" \/><\/a><\/p>\n<p>A revela\u00e7\u00e3o feita pelo senador Jaques Wagner de que o governador Rui Costa n\u00e3o vai renunciar e cumprir\u00e1 o seu mandato, n\u00e3o caiu nada bem na c\u00fapula do PP. A expectativa dos progressistas, mais precisamente do seu presidente na Bahia, Jo\u00e3o Le\u00e3o, era de assumir o Pal\u00e1cio de Ondina por nove meses, o que seria um sonho para o atual vice-governador.<\/p>\n<p>Um importante integrante do partido confidenciou ao Bahia Not\u00edcias que \u00e9 real a possibilidade de rompimento do PP com a base governista e o consequente apoio do partido a ACM Neto (UB). Nas palavras dele, abrir espa\u00e7o na cabe\u00e7a de chapa para Otto Alencar j\u00e1 era ruim, e ceder para um nome com menor musculatura \u00e9 pior ainda.<\/p>\n<p>Wagner garantiu que o PT vai indicar um quadro para a cabe\u00e7a de chapa e segundo ele, tr\u00eas nomes est\u00e3o na disputa: a prefeita de Lauro de Freitas Moema Gramacho, o secret\u00e1rio de Educa\u00e7\u00e3o Jer\u00f4nimo Rodrigues e o secret\u00e1rio de Rela\u00e7\u00f5es Institucionais Luiz Caetano, que segundo apura\u00e7\u00e3o do BN, desponta como favorita na disputa (<a href=\"https:\/\/www.bahianoticias.com.br\/noticia\/266713-caetano-desponta-como-favorito-para-ser-candidato-do-pt-ao-governo-da-bahia.html?utm_source=principal&amp;utm_medium=link&amp;utm_campaign=destaques\" target=\"_blank\" rel=\"noopener noreferrer\">veja aqui<\/a>).<\/p>\n<p>\u201cWagner \u00e9 um nome grande, ceder espa\u00e7o para ele \u00e9 uma coisa, n\u00f3s aceitamos tranquilamente. Otto tem o mesmo tamanho que a gente, e isso j\u00e1 era ruim, mas abrir para um nome menor \u00e9 ainda mais problem\u00e1tico\u201d, analisou. \u201cSe essa bagun\u00e7a continuar, pode preparar a cadeira pra Neto\u201d, completou ironizando.<\/p>\n","protected":false},"excerpt":{"rendered":"<p>A revela\u00e7\u00e3o feita pelo senador Jaques Wagner de que o governador Rui Costa n\u00e3o vai renunciar e cumprir\u00e1 o seu mandato, n\u00e3o caiu nada bem na c\u00fapula do PP. A expectativa dos progressistas, mais precisamente do seu presidente na Bahia, Jo\u00e3o Le\u00e3o, era de assumir o Pal\u00e1cio de Ondina por nove meses, o que seria [&hellip;]<\/p>\n","protected":false},"author":2,"featured_media":100702,"comment_status":"open","ping_status":"open","sticky":false,"template":"","format":"standard","meta":{"footnotes":"","_links_to":"","_links_to_target":""},"categories":[1],"tags":[],"class_list":["post-100699","post","type-post","status-publish","format-standard","has-post-thumbnail","hentry","category-geral"],"views":803,"_links":{"self":[{"href":"https:\/\/www.sudoestehoje.com.br\/novoportal\/wp-json\/wp\/v2\/posts\/100699","targetHints":{"allow":["GET"]}}],"collection":[{"href":"https:\/\/www.sudoestehoje.com.br\/novoportal\/wp-json\/wp\/v2\/posts"}],"about":[{"href":"https:\/\/www.sudoestehoje.com.br\/novoportal\/wp-json\/wp\/v2\/types\/post"}],"author":[{"embeddable":true,"href":"https:\/\/www.sudoestehoje.com.br\/novoportal\/wp-json\/wp\/v2\/users\/2"}],"replies":[{"embeddable":true,"href":"https:\/\/www.sudoestehoje.com.br\/novoportal\/wp-json\/wp\/v2\/comments?post=100699"}],"version-history":[{"count":4,"href":"https:\/\/www.sudoestehoje.com.br\/novoportal\/wp-json\/wp\/v2\/posts\/100699\/revisions"}],"predecessor-version":[{"id":100704,"href":"https:\/\/www.sudoestehoje.com.br\/novoportal\/wp-json\/wp\/v2\/posts\/100699\/revisions\/100704"}],"wp:featuredmedia":[{"embeddable":true,"href":"https:\/\/www.sudoestehoje.com.br\/novoportal\/wp-json\/wp\/v2\/media\/100702"}],"wp:attachment":[{"href":"https:\/\/www.sudoestehoje.com.br\/novoportal\/wp-json\/wp\/v2\/media?parent=100699"}],"wp:term":[{"taxonomy":"category","embeddable":true,"href":"https:\/\/www.sudoestehoje.com.br\/novoportal\/wp-json\/wp\/v2\/categories?post=100699"},{"taxonomy":"post_tag","embeddable":true,"href":"https:\/\/www.sudoestehoje.com.br\/novoportal\/wp-json\/wp\/v2\/tags?post=100699"}],"curies":[{"name":"wp","href":"https:\/\/api.w.org\/{rel}","templated":true}]}}