
{"id":100670,"date":"2022-03-06T18:33:56","date_gmt":"2022-03-06T21:33:56","guid":{"rendered":"https:\/\/www.sudoestehoje.com.br\/novoportal\/?p=100670"},"modified":"2022-03-06T18:34:49","modified_gmt":"2022-03-06T21:34:49","slug":"empresario-esposa-e-mais-2-familiares-morrem-em-acidente-no-extremo-sul","status":"publish","type":"post","link":"https:\/\/www.sudoestehoje.com.br\/novoportal\/2022\/03\/06\/empresario-esposa-e-mais-2-familiares-morrem-em-acidente-no-extremo-sul\/","title":{"rendered":"EMPRES\u00c1RIO, ESPOSA E MAIS 2 FAMILIARES MORREM EM ACIDENTE NO EXTREMO SUL"},"content":{"rendered":"<p><a href=\"https:\/\/www.sudoestehoje.com.br\/novoportal\/wp-content\/uploads\/2022\/03\/csm_WhatsApp_Image_2022-03-06_at_16.00.59_4dc78bcabe.jpeg\"><img loading=\"lazy\" decoding=\"async\" class=\"aligncenter size-medium wp-image-100671\" src=\"https:\/\/www.sudoestehoje.com.br\/novoportal\/wp-content\/uploads\/2022\/03\/csm_WhatsApp_Image_2022-03-06_at_16.00.59_4dc78bcabe-500x375.jpeg\" alt=\"\" width=\"500\" height=\"375\" srcset=\"https:\/\/www.sudoestehoje.com.br\/novoportal\/wp-content\/uploads\/2022\/03\/csm_WhatsApp_Image_2022-03-06_at_16.00.59_4dc78bcabe-500x375.jpeg 500w, https:\/\/www.sudoestehoje.com.br\/novoportal\/wp-content\/uploads\/2022\/03\/csm_WhatsApp_Image_2022-03-06_at_16.00.59_4dc78bcabe-700x525.jpeg 700w, https:\/\/www.sudoestehoje.com.br\/novoportal\/wp-content\/uploads\/2022\/03\/csm_WhatsApp_Image_2022-03-06_at_16.00.59_4dc78bcabe-768x576.jpeg 768w, https:\/\/www.sudoestehoje.com.br\/novoportal\/wp-content\/uploads\/2022\/03\/csm_WhatsApp_Image_2022-03-06_at_16.00.59_4dc78bcabe.jpeg 940w\" sizes=\"auto, (max-width: 500px) 100vw, 500px\" \/><\/a><\/p>\n<p class=\"bodytext\">O empres\u00e1rio Roberto Carlos Piccoli Xavier, 55 anos, a esposa\u00a0Elvira Garcia Xavier Romeiro, 54, e mais dois familiares morreram, na manh\u00e3 deste domingo (6), ap\u00f3s o carro em que eles estavam sair da pista e capotar em uma ribanceira de 40 metros, na BR-101, no extremo sul da Bahia. As outras duas v\u00edtimas s\u00e3o\u00a0 Cleuza Garcia Gomes, 60, que era irm\u00e3 de Elvira,\u00a0e o genro do casal, Gabriel Soares Barcelos, 20.<\/p>\n<p class=\"bodytext\">Segundo informa\u00e7\u00f5es da Pol\u00edcia Rodovi\u00e1ria Federal (PRF), o ve\u00edculo estava no km 908, sentido Teixeira de Freitas x Linhares, a cerca de 12 quil\u00f4metros do distrito de Posto da Mata, munic\u00edpio de Nova Vi\u00e7osa. A causa do acidente ainda \u00e9 desconhecida, mas, de acordo com a corpora\u00e7\u00e3o,\u00a0\u00a0investiga\u00e7\u00f5es iniciais apontam que os pneus do ve\u00edculo estavam em condi\u00e7\u00f5es ruins de uso. A PRF informou que o acidente foi registrado por volta das 6h e que as quatro pessoas estavam em um carro modelo Jeep Compass, conduzido pelo empres\u00e1rio Roberto Xavier.<\/p>\n<p><a href=\"https:\/\/www.sudoestehoje.com.br\/novoportal\/wp-content\/uploads\/2022\/03\/CASAL.jpeg\"><img loading=\"lazy\" decoding=\"async\" class=\"aligncenter wp-image-100675\" src=\"https:\/\/www.sudoestehoje.com.br\/novoportal\/wp-content\/uploads\/2022\/03\/CASAL.jpeg\" alt=\"\" width=\"500\" height=\"289\" \/><\/a><\/p>\n<p>Roberto e Elvira atuavam no com\u00e9rcio de Eun\u00e1polis no setor de m\u00f3veis e decora\u00e7\u00f5es e eram propriet\u00e1rios das empresas Stylus M\u00f3veis, Rimo e Decorart. Cleuza Garcia tamb\u00e9m era empres\u00e1ria e trabalhava com o marido na loja S\u00f3 Colch\u00f5es, em Eun\u00e1polis. Ainda n\u00e3o h\u00e1 informa\u00e7\u00e3o sobre local e hor\u00e1rio de vel\u00f3rio e enterro. A C\u00e2mara de Dirigentes Lojistas de Eun\u00e1polis (CDL) emitiu uma nota de pesar. &#8220;A CDL Eun\u00e1polis est\u00e1 de luto n\u00e3o somente pela aus\u00eancia, mas tamb\u00e9m pela perda deste grande empres\u00e1rio e dos amados cidad\u00e3os eunapolitanos&#8221;. <em>\/\/A Tarde<\/em><\/p>\n","protected":false},"excerpt":{"rendered":"<p>O empres\u00e1rio Roberto Carlos Piccoli Xavier, 55 anos, a esposa\u00a0Elvira Garcia Xavier Romeiro, 54, e mais dois familiares morreram, na manh\u00e3 deste domingo (6), ap\u00f3s o carro em que eles estavam sair da pista e capotar em uma ribanceira de 40 metros, na BR-101, no extremo sul da Bahia. As outras duas v\u00edtimas s\u00e3o\u00a0 Cleuza [&hellip;]<\/p>\n","protected":false},"author":2,"featured_media":100671,"comment_status":"open","ping_status":"open","sticky":false,"template":"","format":"standard","meta":{"footnotes":"","_links_to":"","_links_to_target":""},"categories":[1],"tags":[],"class_list":["post-100670","post","type-post","status-publish","format-standard","has-post-thumbnail","hentry","category-geral"],"views":1598,"_links":{"self":[{"href":"https:\/\/www.sudoestehoje.com.br\/novoportal\/wp-json\/wp\/v2\/posts\/100670","targetHints":{"allow":["GET"]}}],"collection":[{"href":"https:\/\/www.sudoestehoje.com.br\/novoportal\/wp-json\/wp\/v2\/posts"}],"about":[{"href":"https:\/\/www.sudoestehoje.com.br\/novoportal\/wp-json\/wp\/v2\/types\/post"}],"author":[{"embeddable":true,"href":"https:\/\/www.sudoestehoje.com.br\/novoportal\/wp-json\/wp\/v2\/users\/2"}],"replies":[{"embeddable":true,"href":"https:\/\/www.sudoestehoje.com.br\/novoportal\/wp-json\/wp\/v2\/comments?post=100670"}],"version-history":[{"count":4,"href":"https:\/\/www.sudoestehoje.com.br\/novoportal\/wp-json\/wp\/v2\/posts\/100670\/revisions"}],"predecessor-version":[{"id":100677,"href":"https:\/\/www.sudoestehoje.com.br\/novoportal\/wp-json\/wp\/v2\/posts\/100670\/revisions\/100677"}],"wp:featuredmedia":[{"embeddable":true,"href":"https:\/\/www.sudoestehoje.com.br\/novoportal\/wp-json\/wp\/v2\/media\/100671"}],"wp:attachment":[{"href":"https:\/\/www.sudoestehoje.com.br\/novoportal\/wp-json\/wp\/v2\/media?parent=100670"}],"wp:term":[{"taxonomy":"category","embeddable":true,"href":"https:\/\/www.sudoestehoje.com.br\/novoportal\/wp-json\/wp\/v2\/categories?post=100670"},{"taxonomy":"post_tag","embeddable":true,"href":"https:\/\/www.sudoestehoje.com.br\/novoportal\/wp-json\/wp\/v2\/tags?post=100670"}],"curies":[{"name":"wp","href":"https:\/\/api.w.org\/{rel}","templated":true}]}}