
{"id":100665,"date":"2022-03-06T18:01:14","date_gmt":"2022-03-06T21:01:14","guid":{"rendered":"https:\/\/www.sudoestehoje.com.br\/novoportal\/?p=100665"},"modified":"2022-03-06T18:01:14","modified_gmt":"2022-03-06T21:01:14","slug":"eleicoes-joao-roma-deve-se-filiar-ao-pl","status":"publish","type":"post","link":"https:\/\/www.sudoestehoje.com.br\/novoportal\/2022\/03\/06\/eleicoes-joao-roma-deve-se-filiar-ao-pl\/","title":{"rendered":"ELEI\u00c7\u00d5ES | JO\u00c3O ROMA DEVE SE FILIAR AO PL"},"content":{"rendered":"<p><a href=\"https:\/\/www.sudoestehoje.com.br\/novoportal\/wp-content\/uploads\/2022\/03\/pzbl8981_1.jpg\"><img loading=\"lazy\" decoding=\"async\" class=\"size-medium wp-image-100667\" src=\"https:\/\/www.sudoestehoje.com.br\/novoportal\/wp-content\/uploads\/2022\/03\/pzbl8981_1-500x299.jpg\" alt=\"\" width=\"500\" height=\"299\" srcset=\"https:\/\/www.sudoestehoje.com.br\/novoportal\/wp-content\/uploads\/2022\/03\/pzbl8981_1-500x299.jpg 500w, https:\/\/www.sudoestehoje.com.br\/novoportal\/wp-content\/uploads\/2022\/03\/pzbl8981_1-700x419.jpg 700w, https:\/\/www.sudoestehoje.com.br\/novoportal\/wp-content\/uploads\/2022\/03\/pzbl8981_1-768x459.jpg 768w, https:\/\/www.sudoestehoje.com.br\/novoportal\/wp-content\/uploads\/2022\/03\/pzbl8981_1.jpg 1170w\" sizes=\"auto, (max-width: 500px) 100vw, 500px\" \/><\/a><\/p>\n<p>Por conta do impasse no lan\u00e7amento de uma candidatura pr\u00f3pria, o ministro da Cidadania do governo Bolsonaro, Jo\u00e3o Roma, deve deixar o Republicanos e se filiar ao PL nos pr\u00f3ximos dias.<\/p>\n<p>A informa\u00e7\u00e3o, do colunista Lauro Jardim, do jornal O GLOBO, corrobora o desembarque de Roma da legenda para que possa perseguir a candidatura ao governo da Bahia, j\u00e1 que o Republicanos estuda apoiar a candidatura de ACM Neto e ainda avalia um poss\u00edvel apoio para a reelei\u00e7\u00e3o de Bolsonaro.<\/p>\n<p>Em entrevista \u00e0 Folha de S.Paulo, o presidente do partido, o deputado federal Marcos Pereira (SP), afirmou que Bolsonaro &#8220;atrapalha&#8221; o crescimento do Republicanos ao estimular o crescimento apenas do PL, seu atual partido.<\/p>\n<p>O Republicanos j\u00e1 conta com a ades\u00e3o do vice-presidente, Hamilton Mour\u00e3o, que est\u00e1 em rota de choque com o presidente Bolsonaro e deve ser candidato ao Senado.<\/p>\n<p>Al\u00e9m de Roma, aliados do presidente Jair Bolsonaro, como a ex-secret\u00e1ria de Sa\u00fade de Porto Seguro, Ra\u00edssa Soares, a &#8220;Capit\u00e3 Cloroquina&#8221;, que j\u00e1 se filiou, o cantor Netinho e os deputados estaduais Talita Oliveira e Capit\u00e3o Alden, tamb\u00e9m s\u00e3o esperados no PL.<\/p>\n","protected":false},"excerpt":{"rendered":"<p>Por conta do impasse no lan\u00e7amento de uma candidatura pr\u00f3pria, o ministro da Cidadania do governo Bolsonaro, Jo\u00e3o Roma, deve deixar o Republicanos e se filiar ao PL nos pr\u00f3ximos dias. A informa\u00e7\u00e3o, do colunista Lauro Jardim, do jornal O GLOBO, corrobora o desembarque de Roma da legenda para que possa perseguir a candidatura ao [&hellip;]<\/p>\n","protected":false},"author":2,"featured_media":100667,"comment_status":"open","ping_status":"open","sticky":false,"template":"","format":"standard","meta":{"footnotes":"","_links_to":"","_links_to_target":""},"categories":[1],"tags":[],"class_list":["post-100665","post","type-post","status-publish","format-standard","has-post-thumbnail","hentry","category-geral"],"views":772,"_links":{"self":[{"href":"https:\/\/www.sudoestehoje.com.br\/novoportal\/wp-json\/wp\/v2\/posts\/100665","targetHints":{"allow":["GET"]}}],"collection":[{"href":"https:\/\/www.sudoestehoje.com.br\/novoportal\/wp-json\/wp\/v2\/posts"}],"about":[{"href":"https:\/\/www.sudoestehoje.com.br\/novoportal\/wp-json\/wp\/v2\/types\/post"}],"author":[{"embeddable":true,"href":"https:\/\/www.sudoestehoje.com.br\/novoportal\/wp-json\/wp\/v2\/users\/2"}],"replies":[{"embeddable":true,"href":"https:\/\/www.sudoestehoje.com.br\/novoportal\/wp-json\/wp\/v2\/comments?post=100665"}],"version-history":[{"count":3,"href":"https:\/\/www.sudoestehoje.com.br\/novoportal\/wp-json\/wp\/v2\/posts\/100665\/revisions"}],"predecessor-version":[{"id":100669,"href":"https:\/\/www.sudoestehoje.com.br\/novoportal\/wp-json\/wp\/v2\/posts\/100665\/revisions\/100669"}],"wp:featuredmedia":[{"embeddable":true,"href":"https:\/\/www.sudoestehoje.com.br\/novoportal\/wp-json\/wp\/v2\/media\/100667"}],"wp:attachment":[{"href":"https:\/\/www.sudoestehoje.com.br\/novoportal\/wp-json\/wp\/v2\/media?parent=100665"}],"wp:term":[{"taxonomy":"category","embeddable":true,"href":"https:\/\/www.sudoestehoje.com.br\/novoportal\/wp-json\/wp\/v2\/categories?post=100665"},{"taxonomy":"post_tag","embeddable":true,"href":"https:\/\/www.sudoestehoje.com.br\/novoportal\/wp-json\/wp\/v2\/tags?post=100665"}],"curies":[{"name":"wp","href":"https:\/\/api.w.org\/{rel}","templated":true}]}}