
{"id":10066,"date":"2011-10-28T17:49:21","date_gmt":"2011-10-28T20:49:21","guid":{"rendered":"http:\/\/www.sudoestehoje.com.br\/novoportal\/?p=10066"},"modified":"2011-10-28T17:50:36","modified_gmt":"2011-10-28T20:50:36","slug":"arte-do-cao","status":"publish","type":"post","link":"https:\/\/www.sudoestehoje.com.br\/novoportal\/2011\/10\/28\/arte-do-cao\/","title":{"rendered":"ARTE DO C\u00c3O"},"content":{"rendered":"<p><img decoding=\"async\" src=\"http:\/\/t1.gstatic.com\/images?q=tbn:ANd9GcS2crxcf8DdAWA8XDD8GysuHgd3GKlFXNARssNsOcTxZMEoMIUwyw\" alt=\"\" width=\"160\" \/><\/p>\n<p>O Di\u00e1rio Oficial da Uni\u00e3o publicou nesta quinta-feira, 27, a exonera\u00e7\u00e3o do superintendente regional da Ceplac, Ant\u00f4nio Z\u00f3zimo de Matos Costa. A mesma edi\u00e7\u00e3o traz o nome do novo titular do cargo: o peemedebista Juvenal Maynart.\u00a0Para quem analisa o movimento das nuvens pol\u00edticas sul-baianas, a entrega da Ceplac ao PMDB seria uma articula\u00e7\u00e3o do deputado federal Geraldo Sim\u00f5es (PT) para ter o apoio do partido de Geddel nas elei\u00e7\u00f5es de 2012 em Itabuna.\u00a0E depois dizem que pol\u00edtica n\u00e3o \u00e9 arte do c\u00e3o\u2026 (Pimenta)<\/p>\n","protected":false},"excerpt":{"rendered":"<p>O Di\u00e1rio Oficial da Uni\u00e3o publicou nesta quinta-feira, 27, a exonera\u00e7\u00e3o do superintendente regional da Ceplac, Ant\u00f4nio Z\u00f3zimo de Matos Costa. A mesma edi\u00e7\u00e3o traz o nome do novo titular do cargo: o peemedebista Juvenal Maynart.\u00a0Para quem analisa o movimento das nuvens pol\u00edticas sul-baianas, a entrega da Ceplac ao PMDB seria uma articula\u00e7\u00e3o do deputado [&hellip;]<\/p>\n","protected":false},"author":2,"featured_media":0,"comment_status":"open","ping_status":"open","sticky":false,"template":"","format":"standard","meta":{"footnotes":"","_links_to":"","_links_to_target":""},"categories":[11],"tags":[],"class_list":["post-10066","post","type-post","status-publish","format-standard","hentry","category-quentinhas"],"views":1149,"_links":{"self":[{"href":"https:\/\/www.sudoestehoje.com.br\/novoportal\/wp-json\/wp\/v2\/posts\/10066","targetHints":{"allow":["GET"]}}],"collection":[{"href":"https:\/\/www.sudoestehoje.com.br\/novoportal\/wp-json\/wp\/v2\/posts"}],"about":[{"href":"https:\/\/www.sudoestehoje.com.br\/novoportal\/wp-json\/wp\/v2\/types\/post"}],"author":[{"embeddable":true,"href":"https:\/\/www.sudoestehoje.com.br\/novoportal\/wp-json\/wp\/v2\/users\/2"}],"replies":[{"embeddable":true,"href":"https:\/\/www.sudoestehoje.com.br\/novoportal\/wp-json\/wp\/v2\/comments?post=10066"}],"version-history":[{"count":3,"href":"https:\/\/www.sudoestehoje.com.br\/novoportal\/wp-json\/wp\/v2\/posts\/10066\/revisions"}],"predecessor-version":[{"id":10068,"href":"https:\/\/www.sudoestehoje.com.br\/novoportal\/wp-json\/wp\/v2\/posts\/10066\/revisions\/10068"}],"wp:attachment":[{"href":"https:\/\/www.sudoestehoje.com.br\/novoportal\/wp-json\/wp\/v2\/media?parent=10066"}],"wp:term":[{"taxonomy":"category","embeddable":true,"href":"https:\/\/www.sudoestehoje.com.br\/novoportal\/wp-json\/wp\/v2\/categories?post=10066"},{"taxonomy":"post_tag","embeddable":true,"href":"https:\/\/www.sudoestehoje.com.br\/novoportal\/wp-json\/wp\/v2\/tags?post=10066"}],"curies":[{"name":"wp","href":"https:\/\/api.w.org\/{rel}","templated":true}]}}