
{"id":100623,"date":"2022-03-02T19:36:07","date_gmt":"2022-03-02T22:36:07","guid":{"rendered":"https:\/\/www.sudoestehoje.com.br\/novoportal\/?p=100623"},"modified":"2022-03-02T19:36:07","modified_gmt":"2022-03-02T22:36:07","slug":"itapetinga-tapa-buracos-na-isai-amorim-vai-ser-feito-a-pedido-do-blog","status":"publish","type":"post","link":"https:\/\/www.sudoestehoje.com.br\/novoportal\/2022\/03\/02\/itapetinga-tapa-buracos-na-isai-amorim-vai-ser-feito-a-pedido-do-blog\/","title":{"rendered":"ITAPETINGA: TAPA BURACOS NA ISAI AMORIM VAI SER FEITO A PEDIDO DO BLOG"},"content":{"rendered":"<p><a href=\"https:\/\/www.sudoestehoje.com.br\/novoportal\/wp-content\/uploads\/2022\/03\/WhatsApp-Image-2022-03-02-at-18.45.52.jpeg\"><img loading=\"lazy\" decoding=\"async\" class=\"aligncenter size-medium wp-image-100624\" src=\"https:\/\/www.sudoestehoje.com.br\/novoportal\/wp-content\/uploads\/2022\/03\/WhatsApp-Image-2022-03-02-at-18.45.52-500x367.jpeg\" alt=\"\" width=\"500\" height=\"367\" srcset=\"https:\/\/www.sudoestehoje.com.br\/novoportal\/wp-content\/uploads\/2022\/03\/WhatsApp-Image-2022-03-02-at-18.45.52-500x367.jpeg 500w, https:\/\/www.sudoestehoje.com.br\/novoportal\/wp-content\/uploads\/2022\/03\/WhatsApp-Image-2022-03-02-at-18.45.52-700x514.jpeg 700w, https:\/\/www.sudoestehoje.com.br\/novoportal\/wp-content\/uploads\/2022\/03\/WhatsApp-Image-2022-03-02-at-18.45.52-768x564.jpeg 768w, https:\/\/www.sudoestehoje.com.br\/novoportal\/wp-content\/uploads\/2022\/03\/WhatsApp-Image-2022-03-02-at-18.45.52-1536x1128.jpeg 1536w, https:\/\/www.sudoestehoje.com.br\/novoportal\/wp-content\/uploads\/2022\/03\/WhatsApp-Image-2022-03-02-at-18.45.52.jpeg 1600w\" sizes=\"auto, (max-width: 500px) 100vw, 500px\" \/><\/a><\/p>\n<p>A pedido do editor do<strong><em> Sudoeste Hoje<\/em><\/strong>, a Avenida Isai Amorim dever\u00e1 passar por reparos em alguns trechos, principalmente entre o bairro Alvorada e o Parque de Exposi\u00e7\u00f5es Juvino Oliveira, totalmente esburacado.<\/p>\n<p>O contato foi feito na tarde desta quarta-feira (02) com o engenheiro Emyson, servidor da Seinfra respons\u00e1vel pela manuten\u00e7\u00e3o das rodovias estaduais na regi\u00e3o, que nos atendeu com cordialidade e garantiu contatar a empresa respons\u00e1vel para realiza\u00e7\u00e3o dos servi\u00e7os de tapa-buracos, com brevidade.<\/p>\n<p><a href=\"https:\/\/www.sudoestehoje.com.br\/novoportal\/wp-content\/uploads\/2022\/03\/WhatsApp-Image-2022-03-02-at-19.26.32.jpeg\"><img loading=\"lazy\" decoding=\"async\" class=\"aligncenter size-medium wp-image-100625\" src=\"https:\/\/www.sudoestehoje.com.br\/novoportal\/wp-content\/uploads\/2022\/03\/WhatsApp-Image-2022-03-02-at-19.26.32-500x413.jpeg\" alt=\"\" width=\"500\" height=\"413\" srcset=\"https:\/\/www.sudoestehoje.com.br\/novoportal\/wp-content\/uploads\/2022\/03\/WhatsApp-Image-2022-03-02-at-19.26.32-500x413.jpeg 500w, https:\/\/www.sudoestehoje.com.br\/novoportal\/wp-content\/uploads\/2022\/03\/WhatsApp-Image-2022-03-02-at-19.26.32-700x579.jpeg 700w, https:\/\/www.sudoestehoje.com.br\/novoportal\/wp-content\/uploads\/2022\/03\/WhatsApp-Image-2022-03-02-at-19.26.32-768x635.jpeg 768w, https:\/\/www.sudoestehoje.com.br\/novoportal\/wp-content\/uploads\/2022\/03\/WhatsApp-Image-2022-03-02-at-19.26.32.jpeg 1080w\" sizes=\"auto, (max-width: 500px) 100vw, 500px\" \/><\/a><\/p>\n<p>AVENIDA JULIO RODRIGRES<\/p>\n<p>Na oportunidade, solicitamos tamb\u00e9m informa\u00e7\u00f5es sobre o processo de licita\u00e7\u00e3o para recupera\u00e7\u00e3o da Avenida J\u00falio Rodrigues e fomos informados que se encontra em fase de elabora\u00e7\u00e3o de projeto, para posterior licita\u00e7\u00e3o. Ambos os trechos s\u00e3o da responsabilidade do Estado, por se tratarem de acessos \u00e0 BA-263.<\/p>\n<p>PROXIMIDADE DA EXPOSI\u00c7\u00c3O<\/p>\n<p>Al\u00e9m do perigo de acidentes, em virtude dos buracos na pista, informamos a proximidade da realiza\u00e7\u00e3o da Exposi\u00e7\u00e3o Agropecu\u00e1ria, que deve acontecer em maio deste ano.<\/p>\n<p>Vamos aguardar.<\/p>\n<p><strong><em>Por Davi Ferraz<\/em><\/strong><\/p>\n","protected":false},"excerpt":{"rendered":"<p>A pedido do editor do Sudoeste Hoje, a Avenida Isai Amorim dever\u00e1 passar por reparos em alguns trechos, principalmente entre o bairro Alvorada e o Parque de Exposi\u00e7\u00f5es Juvino Oliveira, totalmente esburacado. O contato foi feito na tarde desta quarta-feira (02) com o engenheiro Emyson, servidor da Seinfra respons\u00e1vel pela manuten\u00e7\u00e3o das rodovias estaduais na [&hellip;]<\/p>\n","protected":false},"author":2,"featured_media":100624,"comment_status":"open","ping_status":"open","sticky":false,"template":"","format":"standard","meta":{"footnotes":"","_links_to":"","_links_to_target":""},"categories":[1],"tags":[],"class_list":["post-100623","post","type-post","status-publish","format-standard","has-post-thumbnail","hentry","category-geral"],"views":1262,"_links":{"self":[{"href":"https:\/\/www.sudoestehoje.com.br\/novoportal\/wp-json\/wp\/v2\/posts\/100623","targetHints":{"allow":["GET"]}}],"collection":[{"href":"https:\/\/www.sudoestehoje.com.br\/novoportal\/wp-json\/wp\/v2\/posts"}],"about":[{"href":"https:\/\/www.sudoestehoje.com.br\/novoportal\/wp-json\/wp\/v2\/types\/post"}],"author":[{"embeddable":true,"href":"https:\/\/www.sudoestehoje.com.br\/novoportal\/wp-json\/wp\/v2\/users\/2"}],"replies":[{"embeddable":true,"href":"https:\/\/www.sudoestehoje.com.br\/novoportal\/wp-json\/wp\/v2\/comments?post=100623"}],"version-history":[{"count":1,"href":"https:\/\/www.sudoestehoje.com.br\/novoportal\/wp-json\/wp\/v2\/posts\/100623\/revisions"}],"predecessor-version":[{"id":100626,"href":"https:\/\/www.sudoestehoje.com.br\/novoportal\/wp-json\/wp\/v2\/posts\/100623\/revisions\/100626"}],"wp:featuredmedia":[{"embeddable":true,"href":"https:\/\/www.sudoestehoje.com.br\/novoportal\/wp-json\/wp\/v2\/media\/100624"}],"wp:attachment":[{"href":"https:\/\/www.sudoestehoje.com.br\/novoportal\/wp-json\/wp\/v2\/media?parent=100623"}],"wp:term":[{"taxonomy":"category","embeddable":true,"href":"https:\/\/www.sudoestehoje.com.br\/novoportal\/wp-json\/wp\/v2\/categories?post=100623"},{"taxonomy":"post_tag","embeddable":true,"href":"https:\/\/www.sudoestehoje.com.br\/novoportal\/wp-json\/wp\/v2\/tags?post=100623"}],"curies":[{"name":"wp","href":"https:\/\/api.w.org\/{rel}","templated":true}]}}