
{"id":100601,"date":"2022-02-27T13:06:03","date_gmt":"2022-02-27T16:06:03","guid":{"rendered":"https:\/\/www.sudoestehoje.com.br\/novoportal\/?p=100601"},"modified":"2022-02-27T13:06:03","modified_gmt":"2022-02-27T16:06:03","slug":"sem-apoio-dos-petistas-otto-diz-que-vai-disputar-o-senado-e-nao-o-governo","status":"publish","type":"post","link":"https:\/\/www.sudoestehoje.com.br\/novoportal\/2022\/02\/27\/sem-apoio-dos-petistas-otto-diz-que-vai-disputar-o-senado-e-nao-o-governo\/","title":{"rendered":"SEM APOIO DOS PETISTAS, OTTO DIZ QUE VAI DISPUTAR O SENADO E N\u00c3O O GOVERNO"},"content":{"rendered":"<p><a href=\"https:\/\/www.sudoestehoje.com.br\/novoportal\/wp-content\/uploads\/2022\/02\/Otto_Alencar.jpg\"><img loading=\"lazy\" decoding=\"async\" class=\"aligncenter size-medium wp-image-100603\" src=\"https:\/\/www.sudoestehoje.com.br\/novoportal\/wp-content\/uploads\/2022\/02\/Otto_Alencar-500x350.jpg\" alt=\"\" width=\"500\" height=\"350\" srcset=\"https:\/\/www.sudoestehoje.com.br\/novoportal\/wp-content\/uploads\/2022\/02\/Otto_Alencar-500x350.jpg 500w, https:\/\/www.sudoestehoje.com.br\/novoportal\/wp-content\/uploads\/2022\/02\/Otto_Alencar.jpg 600w\" sizes=\"auto, (max-width: 500px) 100vw, 500px\" \/><\/a><\/p>\n<p>Diante da\u00a0press\u00e3o de deputados federais e estaduais, al\u00e9m de diret\u00f3rios municipais do PT em n\u00e3o aceitar Otto Alencar (PSD) como pr\u00e9-candidato ao Pal\u00e1cio de Ondina, encabe\u00e7ando a chapa governista, o senador disse a interlocutores mais pr\u00f3ximos que a melhor decis\u00e3o que tomou foi n\u00e3o se antecipar e anunciar que seria pr\u00e9-candidato a governador.<\/p>\n<p>Otto ficou incomodado com as rea\u00e7\u00f5es negativas dos aliados petistas, e est\u00e1 mais convicto ainda de que o caminho \u00e9 mesmo a reelei\u00e7\u00e3o ao Senado.<\/p>\n<p>Os petistas convocaram uma plen\u00e1ria para\u00a0esta segunda-feira (28), na qual devem reunir deputados, vereadores e l\u00edderes do partido para reafirmar apoio ao nome de Jaques Wagner para disputar\u00a0o governo da Bahia.<\/p>\n<p>Otto, que tamb\u00e9m \u00e9 presidente estadual do PSD, teria dito a correligion\u00e1rios que tem uma imagem a \u201czelar\u201d e que n\u00e3o pensa em entrar na disputa pelo governo do estado sem apoio dos partidos da base de apoio ao governador Rui Costa.<\/p>\n<p>Outra quest\u00e3o levantada por Otto \u00e9 o acordo feito por ele com o PT que seria o nome do governo na disputa pela reelei\u00e7\u00e3o ao Senado nas elei\u00e7\u00f5es de outubro. \u201cPalavra \u00e9 palavra\u201d, disse a um aliado.<\/p>\n","protected":false},"excerpt":{"rendered":"<p>Diante da\u00a0press\u00e3o de deputados federais e estaduais, al\u00e9m de diret\u00f3rios municipais do PT em n\u00e3o aceitar Otto Alencar (PSD) como pr\u00e9-candidato ao Pal\u00e1cio de Ondina, encabe\u00e7ando a chapa governista, o senador disse a interlocutores mais pr\u00f3ximos que a melhor decis\u00e3o que tomou foi n\u00e3o se antecipar e anunciar que seria pr\u00e9-candidato a governador. Otto ficou [&hellip;]<\/p>\n","protected":false},"author":2,"featured_media":100603,"comment_status":"open","ping_status":"open","sticky":false,"template":"","format":"standard","meta":{"footnotes":"","_links_to":"","_links_to_target":""},"categories":[1],"tags":[],"class_list":["post-100601","post","type-post","status-publish","format-standard","has-post-thumbnail","hentry","category-geral"],"views":928,"_links":{"self":[{"href":"https:\/\/www.sudoestehoje.com.br\/novoportal\/wp-json\/wp\/v2\/posts\/100601","targetHints":{"allow":["GET"]}}],"collection":[{"href":"https:\/\/www.sudoestehoje.com.br\/novoportal\/wp-json\/wp\/v2\/posts"}],"about":[{"href":"https:\/\/www.sudoestehoje.com.br\/novoportal\/wp-json\/wp\/v2\/types\/post"}],"author":[{"embeddable":true,"href":"https:\/\/www.sudoestehoje.com.br\/novoportal\/wp-json\/wp\/v2\/users\/2"}],"replies":[{"embeddable":true,"href":"https:\/\/www.sudoestehoje.com.br\/novoportal\/wp-json\/wp\/v2\/comments?post=100601"}],"version-history":[{"count":4,"href":"https:\/\/www.sudoestehoje.com.br\/novoportal\/wp-json\/wp\/v2\/posts\/100601\/revisions"}],"predecessor-version":[{"id":100606,"href":"https:\/\/www.sudoestehoje.com.br\/novoportal\/wp-json\/wp\/v2\/posts\/100601\/revisions\/100606"}],"wp:featuredmedia":[{"embeddable":true,"href":"https:\/\/www.sudoestehoje.com.br\/novoportal\/wp-json\/wp\/v2\/media\/100603"}],"wp:attachment":[{"href":"https:\/\/www.sudoestehoje.com.br\/novoportal\/wp-json\/wp\/v2\/media?parent=100601"}],"wp:term":[{"taxonomy":"category","embeddable":true,"href":"https:\/\/www.sudoestehoje.com.br\/novoportal\/wp-json\/wp\/v2\/categories?post=100601"},{"taxonomy":"post_tag","embeddable":true,"href":"https:\/\/www.sudoestehoje.com.br\/novoportal\/wp-json\/wp\/v2\/tags?post=100601"}],"curies":[{"name":"wp","href":"https:\/\/api.w.org\/{rel}","templated":true}]}}