
{"id":1006,"date":"2010-10-06T18:30:36","date_gmt":"2010-10-06T21:30:36","guid":{"rendered":"http:\/\/sudoestehoje.tempsite.ws\/novoportal\/?p=1006"},"modified":"2010-10-06T18:51:28","modified_gmt":"2010-10-06T21:51:28","slug":"gabirabas-com-dilma","status":"publish","type":"post","link":"https:\/\/www.sudoestehoje.com.br\/novoportal\/2010\/10\/06\/gabirabas-com-dilma\/","title":{"rendered":"GABIRABAS COM DILMA?"},"content":{"rendered":"<p style=\"text-align: center;\"><a id=\"apf8\" href=\"http:\/\/www.google.com.br\/imgres?imgurl=http:\/\/3.bp.blogspot.com\/_VE6p8Nzv9hM\/Se4BQPRGAAI\/AAAAAAAACPA\/JQXBf-9AB78\/s400\/lula.jpg&amp;imgrefurl=http:\/\/politicosdosuldabahia.blogspot.com\/2009\/04\/virginia-hagge-x-rosemberg-pinto.html&amp;usg=__OUWJi5HDHRhvojJhWeYbyO-ZSFY=&amp;h=266&amp;w=400&amp;sz=23&amp;hl=pt-BR&amp;start=9&amp;sig2=JHmdhPaBqZRGYH31-Pw6VA&amp;zoom=1&amp;itbs=1&amp;tbnid=gv_DDFSFuwKvdM:&amp;tbnh=82&amp;tbnw=124&amp;prev=\/images%3Fq%3Dvirginia%2Bhagge%26hl%3Dpt-BR%26sa%3DG%26gbv%3D2%26tbs%3Disch:1&amp;ei=TuqsTMP9O4WynAf-oeDyBg\"><img loading=\"lazy\" decoding=\"async\" id=\"ipfgv_DDFSFuwKvdM:\" class=\"aligncenter\" src=\"http:\/\/t3.gstatic.com\/images?q=tbn:gv_DDFSFuwKvdM:http:\/\/3.bp.blogspot.com\/_VE6p8Nzv9hM\/Se4BQPRGAAI\/AAAAAAAACPA\/JQXBf-9AB78\/s400\/lula.jpg\" alt=\"\" width=\"124\" height=\"82\" \/><\/a><\/p>\n<p>Geddel acabou se &#8216;ajeitando&#8217; com Dilma e Michel Temer, mas n\u00e3o vai poder contar mais com as suas bases, que decidiram votar em Serra e Marina, depois da &#8216;desfeita&#8217; de Lula e Dilma. Acho improv\u00e1vel os &#8216;gabirabas&#8217; de Itapetinga embarcarem com Geddel na campanha de Dilma, depois do que sofreram com as pirra\u00e7as e agress\u00f5es dos petistas locais, na porta da casa de Michel e da Deputada Virginia Hagge. A n\u00e3o ser que haja\u00a0alguma &#8216;arruma\u00e7\u00e3o&#8217;, \u00e9 evidente.<\/p>\n","protected":false},"excerpt":{"rendered":"<p>Geddel acabou se &#8216;ajeitando&#8217; com Dilma e Michel Temer, mas n\u00e3o vai poder contar mais com as suas bases, que decidiram votar em Serra e Marina, depois da &#8216;desfeita&#8217; de Lula e Dilma. Acho improv\u00e1vel os &#8216;gabirabas&#8217; de Itapetinga embarcarem com Geddel na campanha de Dilma, depois do que sofreram com as pirra\u00e7as e agress\u00f5es [&hellip;]<\/p>\n","protected":false},"author":2,"featured_media":0,"comment_status":"open","ping_status":"open","sticky":false,"template":"","format":"standard","meta":{"footnotes":"","_links_to":"","_links_to_target":""},"categories":[11],"tags":[],"class_list":["post-1006","post","type-post","status-publish","format-standard","hentry","category-quentinhas"],"views":1293,"_links":{"self":[{"href":"https:\/\/www.sudoestehoje.com.br\/novoportal\/wp-json\/wp\/v2\/posts\/1006","targetHints":{"allow":["GET"]}}],"collection":[{"href":"https:\/\/www.sudoestehoje.com.br\/novoportal\/wp-json\/wp\/v2\/posts"}],"about":[{"href":"https:\/\/www.sudoestehoje.com.br\/novoportal\/wp-json\/wp\/v2\/types\/post"}],"author":[{"embeddable":true,"href":"https:\/\/www.sudoestehoje.com.br\/novoportal\/wp-json\/wp\/v2\/users\/2"}],"replies":[{"embeddable":true,"href":"https:\/\/www.sudoestehoje.com.br\/novoportal\/wp-json\/wp\/v2\/comments?post=1006"}],"version-history":[{"count":3,"href":"https:\/\/www.sudoestehoje.com.br\/novoportal\/wp-json\/wp\/v2\/posts\/1006\/revisions"}],"predecessor-version":[{"id":1008,"href":"https:\/\/www.sudoestehoje.com.br\/novoportal\/wp-json\/wp\/v2\/posts\/1006\/revisions\/1008"}],"wp:attachment":[{"href":"https:\/\/www.sudoestehoje.com.br\/novoportal\/wp-json\/wp\/v2\/media?parent=1006"}],"wp:term":[{"taxonomy":"category","embeddable":true,"href":"https:\/\/www.sudoestehoje.com.br\/novoportal\/wp-json\/wp\/v2\/categories?post=1006"},{"taxonomy":"post_tag","embeddable":true,"href":"https:\/\/www.sudoestehoje.com.br\/novoportal\/wp-json\/wp\/v2\/tags?post=1006"}],"curies":[{"name":"wp","href":"https:\/\/api.w.org\/{rel}","templated":true}]}}