
{"id":100583,"date":"2022-02-27T08:11:22","date_gmt":"2022-02-27T11:11:22","guid":{"rendered":"https:\/\/www.sudoestehoje.com.br\/novoportal\/?p=100583"},"modified":"2022-02-27T08:19:17","modified_gmt":"2022-02-27T11:19:17","slug":"atraves-do-vereador-helder-prefeitura-realiza-melhorias-em-ruas-do-bandeira","status":"publish","type":"post","link":"https:\/\/www.sudoestehoje.com.br\/novoportal\/2022\/02\/27\/atraves-do-vereador-helder-prefeitura-realiza-melhorias-em-ruas-do-bandeira\/","title":{"rendered":"ATRAV\u00c9S DO VEREADOR HELDER, PREFEITURA REALIZA MELHORIAS EM RUAS DO BANDEIRA"},"content":{"rendered":"<p><a href=\"https:\/\/www.sudoestehoje.com.br\/novoportal\/wp-content\/uploads\/2022\/02\/WhatsApp-Image-2022-02-25-at-12.32.24.jpeg\"><img loading=\"lazy\" decoding=\"async\" class=\"aligncenter size-medium wp-image-100588\" src=\"https:\/\/www.sudoestehoje.com.br\/novoportal\/wp-content\/uploads\/2022\/02\/WhatsApp-Image-2022-02-25-at-12.32.24-500x375.jpeg\" alt=\"\" width=\"500\" height=\"375\" srcset=\"https:\/\/www.sudoestehoje.com.br\/novoportal\/wp-content\/uploads\/2022\/02\/WhatsApp-Image-2022-02-25-at-12.32.24-500x375.jpeg 500w, https:\/\/www.sudoestehoje.com.br\/novoportal\/wp-content\/uploads\/2022\/02\/WhatsApp-Image-2022-02-25-at-12.32.24-700x525.jpeg 700w, https:\/\/www.sudoestehoje.com.br\/novoportal\/wp-content\/uploads\/2022\/02\/WhatsApp-Image-2022-02-25-at-12.32.24-768x576.jpeg 768w, https:\/\/www.sudoestehoje.com.br\/novoportal\/wp-content\/uploads\/2022\/02\/WhatsApp-Image-2022-02-25-at-12.32.24.jpeg 1040w\" sizes=\"auto, (max-width: 500px) 100vw, 500px\" \/><\/a><\/p>\n<p>Atendendo \u00e0s in\u00fameras solicita\u00e7\u00f5es e indica\u00e7\u00f5es feita na c\u00e2mara pelo vereador Helder Ladeia, a frota mecanizada da prefeitura de Itapetinga foi deslocada para o distrito de Bandeira do Col\u00f4nia, onde realizou servi\u00e7os de patrolamento, limpeza e encascalhamento de diversos vias e logradouros p\u00fablicos, durante toda a semana.<\/p>\n<p>Em contato com o Sudoeste Hoje, o vereador Helder de Bandeira agradeceu \u00e0 aten\u00e7\u00e3o e empenho do prefeito Rodrigo Hagge, lembrando que o munic\u00edpio continua em estado de emerg\u00eancia em decorr\u00eancia das fortes chuvas de final de ano, com muitos estragos na sede, distrito e zona rural.<a href=\"https:\/\/www.sudoestehoje.com.br\/novoportal\/wp-content\/uploads\/2022\/02\/WhatsApp-Image-2022-02-25-at-12.32.26.jpeg\"><img loading=\"lazy\" decoding=\"async\" class=\"aligncenter size-medium wp-image-100590\" src=\"https:\/\/www.sudoestehoje.com.br\/novoportal\/wp-content\/uploads\/2022\/02\/WhatsApp-Image-2022-02-25-at-12.32.26-500x375.jpeg\" alt=\"\" width=\"500\" height=\"375\" srcset=\"https:\/\/www.sudoestehoje.com.br\/novoportal\/wp-content\/uploads\/2022\/02\/WhatsApp-Image-2022-02-25-at-12.32.26-500x375.jpeg 500w, https:\/\/www.sudoestehoje.com.br\/novoportal\/wp-content\/uploads\/2022\/02\/WhatsApp-Image-2022-02-25-at-12.32.26-700x525.jpeg 700w, https:\/\/www.sudoestehoje.com.br\/novoportal\/wp-content\/uploads\/2022\/02\/WhatsApp-Image-2022-02-25-at-12.32.26-768x576.jpeg 768w, https:\/\/www.sudoestehoje.com.br\/novoportal\/wp-content\/uploads\/2022\/02\/WhatsApp-Image-2022-02-25-at-12.32.26.jpeg 1040w\" sizes=\"auto, (max-width: 500px) 100vw, 500px\" \/><\/a><\/p>\n<p><em>&#8220;Entendemos a dificuldade da prefeitura em atender todas as demandas ao mesmo tempo, mas n\u00e3o paramos de lutar pelo nosso distrito, que tamb\u00e9m foi muito afetado pelas chuvas. Fomos bem recebidos pelo prefeito Rodrigo e sua equipe, que nos atenderam realizando parte dos servi\u00e7os de que tanto necessit\u00e1vamos, melhorando a nossa infraestrutura&#8221;<\/em>.<\/p>\n<p>O vereador concluiu, agradecendo aos prefeito Rodrigo Hagge, de cuja base continua fazendo parte, na C\u00e2mara Municipal.<\/p>\n\n\t\t<style type=\"text\/css\">\n\t\t\t#gallery-1 {\n\t\t\t\tmargin: auto;\n\t\t\t}\n\t\t\t#gallery-1 .gallery-item {\n\t\t\t\tfloat: left;\n\t\t\t\tmargin-top: 10px;\n\t\t\t\ttext-align: center;\n\t\t\t\twidth: 33%;\n\t\t\t}\n\t\t\t#gallery-1 img {\n\t\t\t\tborder: 2px solid #cfcfcf;\n\t\t\t}\n\t\t\t#gallery-1 .gallery-caption {\n\t\t\t\tmargin-left: 0;\n\t\t\t}\n\t\t\t\/* see gallery_shortcode() in wp-includes\/media.php *\/\n\t\t<\/style>\n\t\t<div id='gallery-1' class='gallery galleryid-100583 gallery-columns-3 gallery-size-thumbnail'><dl class='gallery-item'>\n\t\t\t<dt class='gallery-icon landscape'>\n\t\t\t\t<a href='https:\/\/www.sudoestehoje.com.br\/novoportal\/2022\/02\/27\/atraves-do-vereador-helder-prefeitura-realiza-melhorias-em-ruas-do-bandeira\/whatsapp-image-2022-02-25-at-12-32-27\/'><img loading=\"lazy\" decoding=\"async\" width=\"150\" height=\"150\" src=\"https:\/\/www.sudoestehoje.com.br\/novoportal\/wp-content\/uploads\/2022\/02\/WhatsApp-Image-2022-02-25-at-12.32.27-150x150.jpeg\" class=\"attachment-thumbnail size-thumbnail\" alt=\"\" \/><\/a>\n\t\t\t<\/dt><\/dl><dl class='gallery-item'>\n\t\t\t<dt class='gallery-icon landscape'>\n\t\t\t\t<a href='https:\/\/www.sudoestehoje.com.br\/novoportal\/2022\/02\/27\/atraves-do-vereador-helder-prefeitura-realiza-melhorias-em-ruas-do-bandeira\/whatsapp-image-2022-02-25-at-14-26-11\/'><img loading=\"lazy\" decoding=\"async\" width=\"150\" height=\"150\" src=\"https:\/\/www.sudoestehoje.com.br\/novoportal\/wp-content\/uploads\/2022\/02\/WhatsApp-Image-2022-02-25-at-14.26.11-150x150.jpeg\" class=\"attachment-thumbnail size-thumbnail\" alt=\"\" \/><\/a>\n\t\t\t<\/dt><\/dl><dl class='gallery-item'>\n\t\t\t<dt class='gallery-icon portrait'>\n\t\t\t\t<a href='https:\/\/www.sudoestehoje.com.br\/novoportal\/2022\/02\/27\/atraves-do-vereador-helder-prefeitura-realiza-melhorias-em-ruas-do-bandeira\/whatsapp-image-2022-02-25-at-12-32-26-1\/'><img loading=\"lazy\" decoding=\"async\" width=\"150\" height=\"150\" src=\"https:\/\/www.sudoestehoje.com.br\/novoportal\/wp-content\/uploads\/2022\/02\/WhatsApp-Image-2022-02-25-at-12.32.26-1-1-150x150.jpeg\" class=\"attachment-thumbnail size-thumbnail\" alt=\"\" \/><\/a>\n\t\t\t<\/dt><\/dl><br style=\"clear: both\" \/>\n\t\t<\/div>\n\n<p>Reda\u00e7\u00e3o SH<\/p>\n","protected":false},"excerpt":{"rendered":"<p>Atendendo \u00e0s in\u00fameras solicita\u00e7\u00f5es e indica\u00e7\u00f5es feita na c\u00e2mara pelo vereador Helder Ladeia, a frota mecanizada da prefeitura de Itapetinga foi deslocada para o distrito de Bandeira do Col\u00f4nia, onde realizou servi\u00e7os de patrolamento, limpeza e encascalhamento de diversos vias e logradouros p\u00fablicos, durante toda a semana. Em contato com o Sudoeste Hoje, o vereador [&hellip;]<\/p>\n","protected":false},"author":2,"featured_media":100588,"comment_status":"open","ping_status":"open","sticky":false,"template":"","format":"standard","meta":{"footnotes":"","_links_to":"","_links_to_target":""},"categories":[1],"tags":[],"class_list":["post-100583","post","type-post","status-publish","format-standard","has-post-thumbnail","hentry","category-geral"],"views":861,"_links":{"self":[{"href":"https:\/\/www.sudoestehoje.com.br\/novoportal\/wp-json\/wp\/v2\/posts\/100583","targetHints":{"allow":["GET"]}}],"collection":[{"href":"https:\/\/www.sudoestehoje.com.br\/novoportal\/wp-json\/wp\/v2\/posts"}],"about":[{"href":"https:\/\/www.sudoestehoje.com.br\/novoportal\/wp-json\/wp\/v2\/types\/post"}],"author":[{"embeddable":true,"href":"https:\/\/www.sudoestehoje.com.br\/novoportal\/wp-json\/wp\/v2\/users\/2"}],"replies":[{"embeddable":true,"href":"https:\/\/www.sudoestehoje.com.br\/novoportal\/wp-json\/wp\/v2\/comments?post=100583"}],"version-history":[{"count":4,"href":"https:\/\/www.sudoestehoje.com.br\/novoportal\/wp-json\/wp\/v2\/posts\/100583\/revisions"}],"predecessor-version":[{"id":100596,"href":"https:\/\/www.sudoestehoje.com.br\/novoportal\/wp-json\/wp\/v2\/posts\/100583\/revisions\/100596"}],"wp:featuredmedia":[{"embeddable":true,"href":"https:\/\/www.sudoestehoje.com.br\/novoportal\/wp-json\/wp\/v2\/media\/100588"}],"wp:attachment":[{"href":"https:\/\/www.sudoestehoje.com.br\/novoportal\/wp-json\/wp\/v2\/media?parent=100583"}],"wp:term":[{"taxonomy":"category","embeddable":true,"href":"https:\/\/www.sudoestehoje.com.br\/novoportal\/wp-json\/wp\/v2\/categories?post=100583"},{"taxonomy":"post_tag","embeddable":true,"href":"https:\/\/www.sudoestehoje.com.br\/novoportal\/wp-json\/wp\/v2\/tags?post=100583"}],"curies":[{"name":"wp","href":"https:\/\/api.w.org\/{rel}","templated":true}]}}