
{"id":100580,"date":"2022-02-27T01:31:07","date_gmt":"2022-02-27T04:31:07","guid":{"rendered":"https:\/\/www.sudoestehoje.com.br\/novoportal\/?p=100580"},"modified":"2022-02-27T07:45:37","modified_gmt":"2022-02-27T10:45:37","slug":"nota-de-falecimento-jonny-eletricista-de-automoveis-no-ponto-certo","status":"publish","type":"post","link":"https:\/\/www.sudoestehoje.com.br\/novoportal\/2022\/02\/27\/nota-de-falecimento-jonny-eletricista-de-automoveis-no-ponto-certo\/","title":{"rendered":"NOTA DE FALECIMENTO | JONNY, ELETRICISTA DE AUTOM\u00d3VEIS NO PONTO CERTO"},"content":{"rendered":"<p><a href=\"https:\/\/www.sudoestehoje.com.br\/novoportal\/wp-content\/uploads\/2022\/02\/WhatsApp-Image-2022-02-27-at-07.43.32.jpeg\"><img loading=\"lazy\" decoding=\"async\" class=\"aligncenter size-medium wp-image-100581\" src=\"https:\/\/www.sudoestehoje.com.br\/novoportal\/wp-content\/uploads\/2022\/02\/WhatsApp-Image-2022-02-27-at-07.43.32-500x348.jpeg\" alt=\"\" width=\"500\" height=\"348\" srcset=\"https:\/\/www.sudoestehoje.com.br\/novoportal\/wp-content\/uploads\/2022\/02\/WhatsApp-Image-2022-02-27-at-07.43.32-500x348.jpeg 500w, https:\/\/www.sudoestehoje.com.br\/novoportal\/wp-content\/uploads\/2022\/02\/WhatsApp-Image-2022-02-27-at-07.43.32-700x487.jpeg 700w, https:\/\/www.sudoestehoje.com.br\/novoportal\/wp-content\/uploads\/2022\/02\/WhatsApp-Image-2022-02-27-at-07.43.32-768x534.jpeg 768w, https:\/\/www.sudoestehoje.com.br\/novoportal\/wp-content\/uploads\/2022\/02\/WhatsApp-Image-2022-02-27-at-07.43.32.jpeg 1080w\" sizes=\"auto, (max-width: 500px) 100vw, 500px\" \/><\/a><\/p>\n<p>Faleceu, na noite deste s\u00e1bado, o jovem eletricista de autom\u00f3veis Jonny, que atuava em uma conhecida oficina localizada na Av. Itabuna (Ponto Certo), em Itapetinga.<\/p>\n<p>Segundo informa\u00e7\u00f5es, Jonny tentava se tratar de um problema oncol\u00f3gico em um hospital de Salvador, onde veio a falecer.\u00a0Era um profissional atuante e muito eficiente, de acordo com relatos de amigos e clientes, morrendo prematuramente e deixando uma lacuna enorme na \u00e1ea em que atuava.<\/p>\n<p>O Sudoeste Hoje lamenta a perda do profissional Jonny e estende seu pesar aos familiares e amigos.<\/p>\n<p>O corpo ser\u00e1 sepultado na cidade de Itarantim, sua terra natal.<\/p>\n<p><strong><em>Davi Ferraz<\/em><\/strong><\/p>\n","protected":false},"excerpt":{"rendered":"<p>Faleceu, na noite deste s\u00e1bado, o jovem eletricista de autom\u00f3veis Jonny, que atuava em uma conhecida oficina localizada na Av. Itabuna (Ponto Certo), em Itapetinga. Segundo informa\u00e7\u00f5es, Jonny tentava se tratar de um problema oncol\u00f3gico em um hospital de Salvador, onde veio a falecer.\u00a0Era um profissional atuante e muito eficiente, de acordo com relatos de [&hellip;]<\/p>\n","protected":false},"author":2,"featured_media":100581,"comment_status":"open","ping_status":"open","sticky":false,"template":"","format":"standard","meta":{"footnotes":"","_links_to":"","_links_to_target":""},"categories":[1],"tags":[],"class_list":["post-100580","post","type-post","status-publish","format-standard","has-post-thumbnail","hentry","category-geral"],"views":1928,"_links":{"self":[{"href":"https:\/\/www.sudoestehoje.com.br\/novoportal\/wp-json\/wp\/v2\/posts\/100580","targetHints":{"allow":["GET"]}}],"collection":[{"href":"https:\/\/www.sudoestehoje.com.br\/novoportal\/wp-json\/wp\/v2\/posts"}],"about":[{"href":"https:\/\/www.sudoestehoje.com.br\/novoportal\/wp-json\/wp\/v2\/types\/post"}],"author":[{"embeddable":true,"href":"https:\/\/www.sudoestehoje.com.br\/novoportal\/wp-json\/wp\/v2\/users\/2"}],"replies":[{"embeddable":true,"href":"https:\/\/www.sudoestehoje.com.br\/novoportal\/wp-json\/wp\/v2\/comments?post=100580"}],"version-history":[{"count":1,"href":"https:\/\/www.sudoestehoje.com.br\/novoportal\/wp-json\/wp\/v2\/posts\/100580\/revisions"}],"predecessor-version":[{"id":100582,"href":"https:\/\/www.sudoestehoje.com.br\/novoportal\/wp-json\/wp\/v2\/posts\/100580\/revisions\/100582"}],"wp:featuredmedia":[{"embeddable":true,"href":"https:\/\/www.sudoestehoje.com.br\/novoportal\/wp-json\/wp\/v2\/media\/100581"}],"wp:attachment":[{"href":"https:\/\/www.sudoestehoje.com.br\/novoportal\/wp-json\/wp\/v2\/media?parent=100580"}],"wp:term":[{"taxonomy":"category","embeddable":true,"href":"https:\/\/www.sudoestehoje.com.br\/novoportal\/wp-json\/wp\/v2\/categories?post=100580"},{"taxonomy":"post_tag","embeddable":true,"href":"https:\/\/www.sudoestehoje.com.br\/novoportal\/wp-json\/wp\/v2\/tags?post=100580"}],"curies":[{"name":"wp","href":"https:\/\/api.w.org\/{rel}","templated":true}]}}