
{"id":100566,"date":"2022-02-24T11:31:20","date_gmt":"2022-02-24T14:31:20","guid":{"rendered":"https:\/\/www.sudoestehoje.com.br\/novoportal\/?p=100566"},"modified":"2022-02-24T11:31:20","modified_gmt":"2022-02-24T14:31:20","slug":"vereadores-helder-de-bandeira-tuca-e-joao-de-deus-se-reunem-com-rodrigo-e-reafirmam-parceria-com-o-executivo","status":"publish","type":"post","link":"https:\/\/www.sudoestehoje.com.br\/novoportal\/2022\/02\/24\/vereadores-helder-de-bandeira-tuca-e-joao-de-deus-se-reunem-com-rodrigo-e-reafirmam-parceria-com-o-executivo\/","title":{"rendered":"VEREADORES HELDER DE BANDEIRA, TUCA E JO\u00c3O DE DEUS SE RE\u00daNEM COM RODRIGO E REAFIRMAM PARCERIA COM O EXECUTIVO"},"content":{"rendered":"<p><a href=\"https:\/\/www.sudoestehoje.com.br\/novoportal\/wp-content\/uploads\/2022\/02\/WhatsApp-Image-2022-02-24-at-10.47.43.jpeg\"><img loading=\"lazy\" decoding=\"async\" class=\"aligncenter size-medium wp-image-100572\" src=\"https:\/\/www.sudoestehoje.com.br\/novoportal\/wp-content\/uploads\/2022\/02\/WhatsApp-Image-2022-02-24-at-10.47.43-500x375.jpeg\" alt=\"\" width=\"500\" height=\"375\" srcset=\"https:\/\/www.sudoestehoje.com.br\/novoportal\/wp-content\/uploads\/2022\/02\/WhatsApp-Image-2022-02-24-at-10.47.43-500x375.jpeg 500w, https:\/\/www.sudoestehoje.com.br\/novoportal\/wp-content\/uploads\/2022\/02\/WhatsApp-Image-2022-02-24-at-10.47.43-700x525.jpeg 700w, https:\/\/www.sudoestehoje.com.br\/novoportal\/wp-content\/uploads\/2022\/02\/WhatsApp-Image-2022-02-24-at-10.47.43-768x576.jpeg 768w, https:\/\/www.sudoestehoje.com.br\/novoportal\/wp-content\/uploads\/2022\/02\/WhatsApp-Image-2022-02-24-at-10.47.43-1536x1152.jpeg 1536w, https:\/\/www.sudoestehoje.com.br\/novoportal\/wp-content\/uploads\/2022\/02\/WhatsApp-Image-2022-02-24-at-10.47.43.jpeg 1600w\" sizes=\"auto, (max-width: 500px) 100vw, 500px\" \/><\/a><\/p>\n<p>Na manh\u00e3 desta quinta-feira (24), o prefeito Rodrigo Hagge (MDB) se reuniu em seu gabinete com os vereadores Helder de Bandeira (PSC), Tuca (Republicanos) e Jo\u00e3o de Deus (MDB), membros da Comiss\u00e3o de Or\u00e7amento e Contas da C\u00e2mara Municipal, para tratar diversos assuntos pol\u00edticos e administrativos, al\u00e9m dos projetos em andamento no legislativo municipal.<\/p>\n<p>No encontro, que tamb\u00e9m participou o secret\u00e1rio de finan\u00e7as Orlando Ribeiro, os vereadores solicitaram algumas informa\u00e7\u00f5es e apresentaram v\u00e1rias demandas ao prefeito municipal, no que se refere \u00e0 infraestrutura da cidade e do distrito de Bandeira do Col\u00f4nia, prejudicado pelas \u00faltimas chuvas de dezembro.<\/p>\n<p>No \u00e2mbito pol\u00edtico, os edis Helder de Bandeira e Tuca reafirmaram a parceria com a lideran\u00e7a de Rodrigo, declarando que continuam 100% na base, sem qualquer restri\u00e7\u00e3o.<\/p>\n<p>Rodrigo agradeceu a confian\u00e7a dos vereadores e garantiu priorizar e atender as justas demandas por eles encaminhadas ao executivo.<\/p>\n<p><strong><em>Reda\u00e7\u00e3o SH<\/em><\/strong><\/p>\n","protected":false},"excerpt":{"rendered":"<p>Na manh\u00e3 desta quinta-feira (24), o prefeito Rodrigo Hagge (MDB) se reuniu em seu gabinete com os vereadores Helder de Bandeira (PSC), Tuca (Republicanos) e Jo\u00e3o de Deus (MDB), membros da Comiss\u00e3o de Or\u00e7amento e Contas da C\u00e2mara Municipal, para tratar diversos assuntos pol\u00edticos e administrativos, al\u00e9m dos projetos em andamento no legislativo municipal. No [&hellip;]<\/p>\n","protected":false},"author":2,"featured_media":100572,"comment_status":"open","ping_status":"open","sticky":false,"template":"","format":"standard","meta":{"footnotes":"","_links_to":"","_links_to_target":""},"categories":[1],"tags":[],"class_list":["post-100566","post","type-post","status-publish","format-standard","has-post-thumbnail","hentry","category-geral"],"views":899,"_links":{"self":[{"href":"https:\/\/www.sudoestehoje.com.br\/novoportal\/wp-json\/wp\/v2\/posts\/100566","targetHints":{"allow":["GET"]}}],"collection":[{"href":"https:\/\/www.sudoestehoje.com.br\/novoportal\/wp-json\/wp\/v2\/posts"}],"about":[{"href":"https:\/\/www.sudoestehoje.com.br\/novoportal\/wp-json\/wp\/v2\/types\/post"}],"author":[{"embeddable":true,"href":"https:\/\/www.sudoestehoje.com.br\/novoportal\/wp-json\/wp\/v2\/users\/2"}],"replies":[{"embeddable":true,"href":"https:\/\/www.sudoestehoje.com.br\/novoportal\/wp-json\/wp\/v2\/comments?post=100566"}],"version-history":[{"count":6,"href":"https:\/\/www.sudoestehoje.com.br\/novoportal\/wp-json\/wp\/v2\/posts\/100566\/revisions"}],"predecessor-version":[{"id":100573,"href":"https:\/\/www.sudoestehoje.com.br\/novoportal\/wp-json\/wp\/v2\/posts\/100566\/revisions\/100573"}],"wp:featuredmedia":[{"embeddable":true,"href":"https:\/\/www.sudoestehoje.com.br\/novoportal\/wp-json\/wp\/v2\/media\/100572"}],"wp:attachment":[{"href":"https:\/\/www.sudoestehoje.com.br\/novoportal\/wp-json\/wp\/v2\/media?parent=100566"}],"wp:term":[{"taxonomy":"category","embeddable":true,"href":"https:\/\/www.sudoestehoje.com.br\/novoportal\/wp-json\/wp\/v2\/categories?post=100566"},{"taxonomy":"post_tag","embeddable":true,"href":"https:\/\/www.sudoestehoje.com.br\/novoportal\/wp-json\/wp\/v2\/tags?post=100566"}],"curies":[{"name":"wp","href":"https:\/\/api.w.org\/{rel}","templated":true}]}}