
{"id":100542,"date":"2022-02-23T22:37:12","date_gmt":"2022-02-24T01:37:12","guid":{"rendered":"https:\/\/www.sudoestehoje.com.br\/novoportal\/?p=100542"},"modified":"2022-02-23T22:46:49","modified_gmt":"2022-02-24T01:46:49","slug":"rodrigo-atende-pedido-do-vereador-joao-de-deus-e-consegue-eletrificacao-e-iluminacao-para-o-bairro-nova-esperanca","status":"publish","type":"post","link":"https:\/\/www.sudoestehoje.com.br\/novoportal\/2022\/02\/23\/rodrigo-atende-pedido-do-vereador-joao-de-deus-e-consegue-eletrificacao-e-iluminacao-para-o-bairro-nova-esperanca\/","title":{"rendered":"VEREADOR JO\u00c3O DE DEUS CONSEGUE REDE EL\u00c9TRICA E ILUMINA\u00c7\u00c3O PARA O BAIRRO NOVA ESPERAN\u00c7A"},"content":{"rendered":"<p><a href=\"https:\/\/www.sudoestehoje.com.br\/novoportal\/wp-content\/uploads\/2022\/02\/WhatsApp-Image-2022-02-23-at-22.27.42.jpeg\"><img loading=\"lazy\" decoding=\"async\" class=\"aligncenter size-medium wp-image-100551\" src=\"https:\/\/www.sudoestehoje.com.br\/novoportal\/wp-content\/uploads\/2022\/02\/WhatsApp-Image-2022-02-23-at-22.27.42-500x392.jpeg\" alt=\"\" width=\"500\" height=\"392\" srcset=\"https:\/\/www.sudoestehoje.com.br\/novoportal\/wp-content\/uploads\/2022\/02\/WhatsApp-Image-2022-02-23-at-22.27.42-500x392.jpeg 500w, https:\/\/www.sudoestehoje.com.br\/novoportal\/wp-content\/uploads\/2022\/02\/WhatsApp-Image-2022-02-23-at-22.27.42-700x549.jpeg 700w, https:\/\/www.sudoestehoje.com.br\/novoportal\/wp-content\/uploads\/2022\/02\/WhatsApp-Image-2022-02-23-at-22.27.42-768x602.jpeg 768w, https:\/\/www.sudoestehoje.com.br\/novoportal\/wp-content\/uploads\/2022\/02\/WhatsApp-Image-2022-02-23-at-22.27.42.jpeg 928w\" sizes=\"auto, (max-width: 500px) 100vw, 500px\" \/><\/a><\/p>\n<p>O vereador Jo\u00e3o De Deus (MDB), no seu incans\u00e1vel trabalho pelo popula\u00e7\u00e3o de Itapetinga, acompanhou nesta quarta-feira (23) o in\u00edcio da implanta\u00e7\u00e3o da rede el\u00e9trica no bairro Nova Esperan\u00e7a, com o assentamento de postes e fia\u00e7\u00e3o.<\/p>\n<p>Em contato com o Sudoeste Hoje, o vereador lembrou da luta que travou para conseguir esse benef\u00edcio, com muitas idas \u00e0 Coelba, documentos enviados, tudo com a ajuda e apoio do prefeito Rodrigo Hagge e sua equipe.<\/p>\n<p>Jo\u00e3o de Deus agradeceu ao prefeito, lembrando que parte do Hilda Gama tamb\u00e9m ser\u00e1 beneficiada com a extens\u00e3o da rede el\u00e9trica e ilumina\u00e7\u00e3o p\u00fablica que est\u00e3o sendo implantadas no Nova Esperan\u00e7a.<\/p>\n<p>Jo\u00e3o de Deus \u00e9 um dos vereadores mais atuantes de Itapetinga e representa as comunidades da conhecidas &#8216;Vilas&#8217;, conjunto de bairros e loteamentos populares do munic\u00edpio.<\/p>\n\n\t\t<style type=\"text\/css\">\n\t\t\t#gallery-1 {\n\t\t\t\tmargin: auto;\n\t\t\t}\n\t\t\t#gallery-1 .gallery-item {\n\t\t\t\tfloat: left;\n\t\t\t\tmargin-top: 10px;\n\t\t\t\ttext-align: center;\n\t\t\t\twidth: 33%;\n\t\t\t}\n\t\t\t#gallery-1 img {\n\t\t\t\tborder: 2px solid #cfcfcf;\n\t\t\t}\n\t\t\t#gallery-1 .gallery-caption {\n\t\t\t\tmargin-left: 0;\n\t\t\t}\n\t\t\t\/* see gallery_shortcode() in wp-includes\/media.php *\/\n\t\t<\/style>\n\t\t<div id='gallery-1' class='gallery galleryid-100542 gallery-columns-3 gallery-size-thumbnail'><dl class='gallery-item'>\n\t\t\t<dt class='gallery-icon portrait'>\n\t\t\t\t<a href='https:\/\/www.sudoestehoje.com.br\/novoportal\/2022\/02\/23\/rodrigo-atende-pedido-do-vereador-joao-de-deus-e-consegue-eletrificacao-e-iluminacao-para-o-bairro-nova-esperanca\/whatsapp-image-2022-02-23-at-14-51-54\/'><img loading=\"lazy\" decoding=\"async\" width=\"150\" height=\"150\" src=\"https:\/\/www.sudoestehoje.com.br\/novoportal\/wp-content\/uploads\/2022\/02\/WhatsApp-Image-2022-02-23-at-14.51.54-150x150.jpeg\" class=\"attachment-thumbnail size-thumbnail\" alt=\"\" \/><\/a>\n\t\t\t<\/dt><\/dl><dl class='gallery-item'>\n\t\t\t<dt class='gallery-icon portrait'>\n\t\t\t\t<a href='https:\/\/www.sudoestehoje.com.br\/novoportal\/2022\/02\/23\/rodrigo-atende-pedido-do-vereador-joao-de-deus-e-consegue-eletrificacao-e-iluminacao-para-o-bairro-nova-esperanca\/whatsapp-image-2022-02-23-at-14-51-50\/'><img loading=\"lazy\" decoding=\"async\" width=\"150\" height=\"150\" src=\"https:\/\/www.sudoestehoje.com.br\/novoportal\/wp-content\/uploads\/2022\/02\/WhatsApp-Image-2022-02-23-at-14.51.50-150x150.jpeg\" class=\"attachment-thumbnail size-thumbnail\" alt=\"\" \/><\/a>\n\t\t\t<\/dt><\/dl><dl class='gallery-item'>\n\t\t\t<dt class='gallery-icon portrait'>\n\t\t\t\t<a href='https:\/\/www.sudoestehoje.com.br\/novoportal\/2022\/02\/23\/rodrigo-atende-pedido-do-vereador-joao-de-deus-e-consegue-eletrificacao-e-iluminacao-para-o-bairro-nova-esperanca\/whatsapp-image-2022-02-23-at-14-51-49\/'><img loading=\"lazy\" decoding=\"async\" width=\"150\" height=\"150\" src=\"https:\/\/www.sudoestehoje.com.br\/novoportal\/wp-content\/uploads\/2022\/02\/WhatsApp-Image-2022-02-23-at-14.51.49-150x150.jpeg\" class=\"attachment-thumbnail size-thumbnail\" alt=\"\" \/><\/a>\n\t\t\t<\/dt><\/dl><br style=\"clear: both\" \/>\n\t\t<\/div>\n\n<p><strong><em>Reda\u00e7\u00e3o SH<\/em><\/strong><\/p>\n","protected":false},"excerpt":{"rendered":"<p>O vereador Jo\u00e3o De Deus (MDB), no seu incans\u00e1vel trabalho pelo popula\u00e7\u00e3o de Itapetinga, acompanhou nesta quarta-feira (23) o in\u00edcio da implanta\u00e7\u00e3o da rede el\u00e9trica no bairro Nova Esperan\u00e7a, com o assentamento de postes e fia\u00e7\u00e3o. Em contato com o Sudoeste Hoje, o vereador lembrou da luta que travou para conseguir esse benef\u00edcio, com muitas [&hellip;]<\/p>\n","protected":false},"author":2,"featured_media":100551,"comment_status":"open","ping_status":"open","sticky":false,"template":"","format":"standard","meta":{"footnotes":"","_links_to":"","_links_to_target":""},"categories":[1],"tags":[],"class_list":["post-100542","post","type-post","status-publish","format-standard","has-post-thumbnail","hentry","category-geral"],"views":1150,"_links":{"self":[{"href":"https:\/\/www.sudoestehoje.com.br\/novoportal\/wp-json\/wp\/v2\/posts\/100542","targetHints":{"allow":["GET"]}}],"collection":[{"href":"https:\/\/www.sudoestehoje.com.br\/novoportal\/wp-json\/wp\/v2\/posts"}],"about":[{"href":"https:\/\/www.sudoestehoje.com.br\/novoportal\/wp-json\/wp\/v2\/types\/post"}],"author":[{"embeddable":true,"href":"https:\/\/www.sudoestehoje.com.br\/novoportal\/wp-json\/wp\/v2\/users\/2"}],"replies":[{"embeddable":true,"href":"https:\/\/www.sudoestehoje.com.br\/novoportal\/wp-json\/wp\/v2\/comments?post=100542"}],"version-history":[{"count":8,"href":"https:\/\/www.sudoestehoje.com.br\/novoportal\/wp-json\/wp\/v2\/posts\/100542\/revisions"}],"predecessor-version":[{"id":100556,"href":"https:\/\/www.sudoestehoje.com.br\/novoportal\/wp-json\/wp\/v2\/posts\/100542\/revisions\/100556"}],"wp:featuredmedia":[{"embeddable":true,"href":"https:\/\/www.sudoestehoje.com.br\/novoportal\/wp-json\/wp\/v2\/media\/100551"}],"wp:attachment":[{"href":"https:\/\/www.sudoestehoje.com.br\/novoportal\/wp-json\/wp\/v2\/media?parent=100542"}],"wp:term":[{"taxonomy":"category","embeddable":true,"href":"https:\/\/www.sudoestehoje.com.br\/novoportal\/wp-json\/wp\/v2\/categories?post=100542"},{"taxonomy":"post_tag","embeddable":true,"href":"https:\/\/www.sudoestehoje.com.br\/novoportal\/wp-json\/wp\/v2\/tags?post=100542"}],"curies":[{"name":"wp","href":"https:\/\/api.w.org\/{rel}","templated":true}]}}