
{"id":100508,"date":"2022-02-23T09:28:50","date_gmt":"2022-02-23T12:28:50","guid":{"rendered":"https:\/\/www.sudoestehoje.com.br\/novoportal\/?p=100508"},"modified":"2022-02-23T09:34:15","modified_gmt":"2022-02-23T12:34:15","slug":"real-time-big-data-com-wagner-ou-otto-acm-neto-lidera-sucessao-na-bahia","status":"publish","type":"post","link":"https:\/\/www.sudoestehoje.com.br\/novoportal\/2022\/02\/23\/real-time-big-data-com-wagner-ou-otto-acm-neto-lidera-sucessao-na-bahia\/","title":{"rendered":"REAL TIME\/RECORD | COM WAGNER OU OTTO, ACM NETO LIDERA SUCESS\u00c3O NA BAHIA"},"content":{"rendered":"<p><a href=\"https:\/\/www.sudoestehoje.com.br\/novoportal\/wp-content\/uploads\/2022\/02\/acmneto-1.jpg\"><img loading=\"lazy\" decoding=\"async\" class=\"aligncenter size-medium wp-image-100511\" src=\"https:\/\/www.sudoestehoje.com.br\/novoportal\/wp-content\/uploads\/2022\/02\/acmneto-1-500x311.jpg\" alt=\"\" width=\"500\" height=\"311\" srcset=\"https:\/\/www.sudoestehoje.com.br\/novoportal\/wp-content\/uploads\/2022\/02\/acmneto-1-500x311.jpg 500w, https:\/\/www.sudoestehoje.com.br\/novoportal\/wp-content\/uploads\/2022\/02\/acmneto-1-700x436.jpg 700w, https:\/\/www.sudoestehoje.com.br\/novoportal\/wp-content\/uploads\/2022\/02\/acmneto-1-768x478.jpg 768w, https:\/\/www.sudoestehoje.com.br\/novoportal\/wp-content\/uploads\/2022\/02\/acmneto-1.jpg 940w\" sizes=\"auto, (max-width: 500px) 100vw, 500px\" \/><\/a><\/p>\n<p>Pesquisa do instituto Real Time Big Data divulgada na manh\u00e3 desta quarta-feira (23) aponta, mais uma vez, lideran\u00e7a do ex-prefeito de Salvador, ACM Neto (Uni\u00e3o Brasil), na disputa pelo Pal\u00e1cio de Ondina.<\/p>\n<p>Neto lidera os dois cen\u00e1rios pesquisados: um com o nome do senador Jaques Wagner (PT) e outro com o nome do senador Otto Alencar (PSD).<\/p>\n<p>No cen\u00e1rio com Wagner, ACM Neto aparece com 45% das inten\u00e7\u00f5es de voto contra 30% do petista. Jo\u00e3o Roma (Republicanos) aparece em terceiro com 9%, enquanto Bernadete (PSOL) com 5%. Brancos e nulos somam 7% e 4% n\u00e3o sabem em quem votar.<\/p>\n<p>J\u00e1 no cen\u00e1rio em que aparece o nome de Otto, o ex-prefeito de Salvador chega a 48% das inten\u00e7\u00f5es de voto, enquanto o senador tem 17%. Jo\u00e3o Roma aparece com 10% e Bernadete com 7%. Nesse cen\u00e1rio, brancos e nulos somam 10% e 8% n\u00e3o sabem em quem v\u00e3o votar.<\/p>\n<p>A pesquisa ouviu 1.200 pessoas por telefone. A margem de erro de aproximadamente 3,0% para um intervalo e confian\u00e7a de 95%.<\/p>\n","protected":false},"excerpt":{"rendered":"<p>Pesquisa do instituto Real Time Big Data divulgada na manh\u00e3 desta quarta-feira (23) aponta, mais uma vez, lideran\u00e7a do ex-prefeito de Salvador, ACM Neto (Uni\u00e3o Brasil), na disputa pelo Pal\u00e1cio de Ondina. Neto lidera os dois cen\u00e1rios pesquisados: um com o nome do senador Jaques Wagner (PT) e outro com o nome do senador Otto [&hellip;]<\/p>\n","protected":false},"author":2,"featured_media":100511,"comment_status":"open","ping_status":"open","sticky":false,"template":"","format":"standard","meta":{"footnotes":"","_links_to":"","_links_to_target":""},"categories":[1],"tags":[],"class_list":["post-100508","post","type-post","status-publish","format-standard","has-post-thumbnail","hentry","category-geral"],"views":742,"_links":{"self":[{"href":"https:\/\/www.sudoestehoje.com.br\/novoportal\/wp-json\/wp\/v2\/posts\/100508","targetHints":{"allow":["GET"]}}],"collection":[{"href":"https:\/\/www.sudoestehoje.com.br\/novoportal\/wp-json\/wp\/v2\/posts"}],"about":[{"href":"https:\/\/www.sudoestehoje.com.br\/novoportal\/wp-json\/wp\/v2\/types\/post"}],"author":[{"embeddable":true,"href":"https:\/\/www.sudoestehoje.com.br\/novoportal\/wp-json\/wp\/v2\/users\/2"}],"replies":[{"embeddable":true,"href":"https:\/\/www.sudoestehoje.com.br\/novoportal\/wp-json\/wp\/v2\/comments?post=100508"}],"version-history":[{"count":4,"href":"https:\/\/www.sudoestehoje.com.br\/novoportal\/wp-json\/wp\/v2\/posts\/100508\/revisions"}],"predecessor-version":[{"id":100513,"href":"https:\/\/www.sudoestehoje.com.br\/novoportal\/wp-json\/wp\/v2\/posts\/100508\/revisions\/100513"}],"wp:featuredmedia":[{"embeddable":true,"href":"https:\/\/www.sudoestehoje.com.br\/novoportal\/wp-json\/wp\/v2\/media\/100511"}],"wp:attachment":[{"href":"https:\/\/www.sudoestehoje.com.br\/novoportal\/wp-json\/wp\/v2\/media?parent=100508"}],"wp:term":[{"taxonomy":"category","embeddable":true,"href":"https:\/\/www.sudoestehoje.com.br\/novoportal\/wp-json\/wp\/v2\/categories?post=100508"},{"taxonomy":"post_tag","embeddable":true,"href":"https:\/\/www.sudoestehoje.com.br\/novoportal\/wp-json\/wp\/v2\/tags?post=100508"}],"curies":[{"name":"wp","href":"https:\/\/api.w.org\/{rel}","templated":true}]}}