
{"id":100496,"date":"2022-02-22T23:50:12","date_gmt":"2022-02-23T02:50:12","guid":{"rendered":"https:\/\/www.sudoestehoje.com.br\/novoportal\/?p=100496"},"modified":"2022-02-23T00:08:48","modified_gmt":"2022-02-23T03:08:48","slug":"itapetinga-registra-mais-duas-mortes-por-covid-19-nas-ultimas-24-horas","status":"publish","type":"post","link":"https:\/\/www.sudoestehoje.com.br\/novoportal\/2022\/02\/22\/itapetinga-registra-mais-duas-mortes-por-covid-19-nas-ultimas-24-horas\/","title":{"rendered":"ITAPETINGA REGISTRA MAIS DUAS MORTES POR COVID-19 NAS \u00daLTIMAS 24 HORAS"},"content":{"rendered":"<p><a href=\"https:\/\/www.sudoestehoje.com.br\/novoportal\/wp-content\/uploads\/2022\/02\/WhatsApp-Image-2022-02-22-at-23.46.49.jpeg\"><img loading=\"lazy\" decoding=\"async\" class=\"aligncenter size-medium wp-image-100498\" src=\"https:\/\/www.sudoestehoje.com.br\/novoportal\/wp-content\/uploads\/2022\/02\/WhatsApp-Image-2022-02-22-at-23.46.49-500x225.jpeg\" alt=\"\" width=\"500\" height=\"225\" srcset=\"https:\/\/www.sudoestehoje.com.br\/novoportal\/wp-content\/uploads\/2022\/02\/WhatsApp-Image-2022-02-22-at-23.46.49-500x225.jpeg 500w, https:\/\/www.sudoestehoje.com.br\/novoportal\/wp-content\/uploads\/2022\/02\/WhatsApp-Image-2022-02-22-at-23.46.49-700x315.jpeg 700w, https:\/\/www.sudoestehoje.com.br\/novoportal\/wp-content\/uploads\/2022\/02\/WhatsApp-Image-2022-02-22-at-23.46.49-768x346.jpeg 768w, https:\/\/www.sudoestehoje.com.br\/novoportal\/wp-content\/uploads\/2022\/02\/WhatsApp-Image-2022-02-22-at-23.46.49-1536x692.jpeg 1536w, https:\/\/www.sudoestehoje.com.br\/novoportal\/wp-content\/uploads\/2022\/02\/WhatsApp-Image-2022-02-22-at-23.46.49.jpeg 1600w\" sizes=\"auto, (max-width: 500px) 100vw, 500px\" \/><\/a><\/p>\n<p>Mais dois \u00f3bitos por Covid-19 foram confirmadas em Itapetinga, atrav\u00e9s do boletim oficial da Secretaria Municipal de Sa\u00fade, nas \u00faltimas 24 horas, comprovando que a situa\u00e7\u00e3o da pandemia no munic\u00edpio continua grave.<\/p>\n<p>Apesar disso, o n\u00famero de casos ativos vem baixando, o que aumenta a esperan\u00e7a de um retrocesso da pandemia e a volta \u00e0s normalidade. Veja o boletim de hoje:<\/p>\n<p><a href=\"https:\/\/www.sudoestehoje.com.br\/novoportal\/wp-content\/uploads\/2022\/02\/WhatsApp-Image-2022-02-22-at-21.30.52.jpeg\"><img loading=\"lazy\" decoding=\"async\" class=\"aligncenter size-medium wp-image-100500\" src=\"https:\/\/www.sudoestehoje.com.br\/novoportal\/wp-content\/uploads\/2022\/02\/WhatsApp-Image-2022-02-22-at-21.30.52-500x500.jpeg\" alt=\"\" width=\"500\" height=\"500\" srcset=\"https:\/\/www.sudoestehoje.com.br\/novoportal\/wp-content\/uploads\/2022\/02\/WhatsApp-Image-2022-02-22-at-21.30.52-500x500.jpeg 500w, https:\/\/www.sudoestehoje.com.br\/novoportal\/wp-content\/uploads\/2022\/02\/WhatsApp-Image-2022-02-22-at-21.30.52-700x700.jpeg 700w, https:\/\/www.sudoestehoje.com.br\/novoportal\/wp-content\/uploads\/2022\/02\/WhatsApp-Image-2022-02-22-at-21.30.52-150x150.jpeg 150w, https:\/\/www.sudoestehoje.com.br\/novoportal\/wp-content\/uploads\/2022\/02\/WhatsApp-Image-2022-02-22-at-21.30.52-768x768.jpeg 768w, https:\/\/www.sudoestehoje.com.br\/novoportal\/wp-content\/uploads\/2022\/02\/WhatsApp-Image-2022-02-22-at-21.30.52.jpeg 1280w\" sizes=\"auto, (max-width: 500px) 100vw, 500px\" \/><\/a><\/p>\n<p><strong><em>Reda\u00e7\u00e3o SH<\/em><\/strong><\/p>\n","protected":false},"excerpt":{"rendered":"<p>Mais dois \u00f3bitos por Covid-19 foram confirmadas em Itapetinga, atrav\u00e9s do boletim oficial da Secretaria Municipal de Sa\u00fade, nas \u00faltimas 24 horas, comprovando que a situa\u00e7\u00e3o da pandemia no munic\u00edpio continua grave. Apesar disso, o n\u00famero de casos ativos vem baixando, o que aumenta a esperan\u00e7a de um retrocesso da pandemia e a volta \u00e0s [&hellip;]<\/p>\n","protected":false},"author":2,"featured_media":100498,"comment_status":"open","ping_status":"open","sticky":false,"template":"","format":"standard","meta":{"footnotes":"","_links_to":"","_links_to_target":""},"categories":[1],"tags":[],"class_list":["post-100496","post","type-post","status-publish","format-standard","has-post-thumbnail","hentry","category-geral"],"views":985,"_links":{"self":[{"href":"https:\/\/www.sudoestehoje.com.br\/novoportal\/wp-json\/wp\/v2\/posts\/100496","targetHints":{"allow":["GET"]}}],"collection":[{"href":"https:\/\/www.sudoestehoje.com.br\/novoportal\/wp-json\/wp\/v2\/posts"}],"about":[{"href":"https:\/\/www.sudoestehoje.com.br\/novoportal\/wp-json\/wp\/v2\/types\/post"}],"author":[{"embeddable":true,"href":"https:\/\/www.sudoestehoje.com.br\/novoportal\/wp-json\/wp\/v2\/users\/2"}],"replies":[{"embeddable":true,"href":"https:\/\/www.sudoestehoje.com.br\/novoportal\/wp-json\/wp\/v2\/comments?post=100496"}],"version-history":[{"count":3,"href":"https:\/\/www.sudoestehoje.com.br\/novoportal\/wp-json\/wp\/v2\/posts\/100496\/revisions"}],"predecessor-version":[{"id":100501,"href":"https:\/\/www.sudoestehoje.com.br\/novoportal\/wp-json\/wp\/v2\/posts\/100496\/revisions\/100501"}],"wp:featuredmedia":[{"embeddable":true,"href":"https:\/\/www.sudoestehoje.com.br\/novoportal\/wp-json\/wp\/v2\/media\/100498"}],"wp:attachment":[{"href":"https:\/\/www.sudoestehoje.com.br\/novoportal\/wp-json\/wp\/v2\/media?parent=100496"}],"wp:term":[{"taxonomy":"category","embeddable":true,"href":"https:\/\/www.sudoestehoje.com.br\/novoportal\/wp-json\/wp\/v2\/categories?post=100496"},{"taxonomy":"post_tag","embeddable":true,"href":"https:\/\/www.sudoestehoje.com.br\/novoportal\/wp-json\/wp\/v2\/tags?post=100496"}],"curies":[{"name":"wp","href":"https:\/\/api.w.org\/{rel}","templated":true}]}}