
{"id":100470,"date":"2022-02-20T21:42:57","date_gmt":"2022-02-21T00:42:57","guid":{"rendered":"https:\/\/www.sudoestehoje.com.br\/novoportal\/?p=100470"},"modified":"2022-02-20T21:44:29","modified_gmt":"2022-02-21T00:44:29","slug":"brasil-bancos-nao-vao-funcionar-durante-feriado-cancelado-de-carnaval-2","status":"publish","type":"post","link":"https:\/\/www.sudoestehoje.com.br\/novoportal\/2022\/02\/20\/brasil-bancos-nao-vao-funcionar-durante-feriado-cancelado-de-carnaval-2\/","title":{"rendered":"BRASIL | BANCOS N\u00c3O V\u00c3O FUNCIONAR DURANTE FERIADO CANCELADO DE CARNAVAL"},"content":{"rendered":"<div class=\"mc-column content-text active-extra-styles active-capital-letter\" data-block-type=\"unstyled\" data-block-weight=\"53\" data-block-id=\"1\">\n<p data-track-category=\"Link no Texto\" data-track-links=\"\"><a href=\"https:\/\/www.sudoestehoje.com.br\/novoportal\/wp-content\/uploads\/2022\/02\/4307968435e145c1f70233.jpg\"><img loading=\"lazy\" decoding=\"async\" class=\"aligncenter size-medium wp-image-100468\" src=\"https:\/\/www.sudoestehoje.com.br\/novoportal\/wp-content\/uploads\/2022\/02\/4307968435e145c1f70233-500x379.jpg\" alt=\"\" width=\"500\" height=\"379\" srcset=\"https:\/\/www.sudoestehoje.com.br\/novoportal\/wp-content\/uploads\/2022\/02\/4307968435e145c1f70233-500x379.jpg 500w, https:\/\/www.sudoestehoje.com.br\/novoportal\/wp-content\/uploads\/2022\/02\/4307968435e145c1f70233.jpg 700w\" sizes=\"auto, (max-width: 500px) 100vw, 500px\" \/><\/a><\/p>\n<p class=\"content-text__container theme-color-primary-first-letter\" data-track-category=\"Link no Texto\" data-track-links=\"\">Apesar do cancelamento das festas e de muitas cidades revogarem os pontos facultativos do Carnaval, por causa da pandemia do coronav\u00edrus, o calend\u00e1rio de feriados banc\u00e1rios ser\u00e1 mantido e\u00a0<span class=\"highlight highlighted\">n\u00e3o haver\u00e1 atendimento ao p\u00fablico nas ag\u00eancias nos dias 28 de fevereiro e 1\u00ba de mar\u00e7o<\/span>, segundo a Federa\u00e7\u00e3o Brasileira de Bancos (<a href=\"https:\/\/g1.globo.com\/tudo-sobre\/febraban\/\">Febraban<\/a>).<\/p>\n<\/div>\n<div class=\"wall protected-content\">\n<div class=\"mc-column content-text active-extra-styles\" data-block-type=\"unstyled\" data-block-weight=\"52\" data-block-id=\"2\">\n<p class=\"content-text__container\" data-track-category=\"Link no Texto\" data-track-links=\"\">Na Quarta-feira de Cinzas, dia 2 de mar\u00e7o, o expediente dos bancos come\u00e7a \u00e0s 12h, com encerramento em hor\u00e1rio normal de fechamento das ag\u00eancias. Nos locais em que as ag\u00eancias fecham normalmente antes das 15h, o in\u00edcio do atendimento ao p\u00fablico ser\u00e1 antecipado para garantir o m\u00ednimo de 3 horas de funcionamento.<\/p>\n<\/div>\n<div class=\"mc-column content-text active-extra-styles\" data-block-type=\"raw\" data-block-weight=\"4\" data-block-id=\"3\">\n<div class=\"content-intertitle\">\n<h2>Como pagar as contas?<\/h2>\n<\/div>\n<\/div>\n<div class=\"mc-column content-text active-extra-styles\" data-block-type=\"unstyled\" data-block-weight=\"24\" data-block-id=\"4\">\n<p class=\"content-text__container\" data-track-category=\"Link no Texto\" data-track-links=\"\">Neste per\u00edodo, os clientes\u00a0<span class=\"highlight highlighted\">podem usar os canais digitais, como sites e aplicativo dos bancos, para a realiza\u00e7\u00e3o de transfer\u00eancias e pagamento de contas.<\/span><\/p>\n<\/div>\n<div class=\"mc-column content-text active-extra-styles\" data-block-type=\"unstyled\" data-block-weight=\"31\" data-block-id=\"5\">\n<p class=\"content-text__container\" data-track-category=\"Link no Texto\" data-track-links=\"\">As contas de consumo, como \u00e1gua, energia e telefone, e carn\u00eas com vencimento em 28 de fevereiro e 1\u00ba de mar\u00e7o poder\u00e3o ser pagos, sem acr\u00e9scimo, na quarta-feira, dia 2.<\/p>\n<\/div>\n<\/div>\n","protected":false},"excerpt":{"rendered":"<p>Apesar do cancelamento das festas e de muitas cidades revogarem os pontos facultativos do Carnaval, por causa da pandemia do coronav\u00edrus, o calend\u00e1rio de feriados banc\u00e1rios ser\u00e1 mantido e\u00a0n\u00e3o haver\u00e1 atendimento ao p\u00fablico nas ag\u00eancias nos dias 28 de fevereiro e 1\u00ba de mar\u00e7o, segundo a Federa\u00e7\u00e3o Brasileira de Bancos (Febraban). Na Quarta-feira de Cinzas, [&hellip;]<\/p>\n","protected":false},"author":2,"featured_media":100468,"comment_status":"open","ping_status":"open","sticky":false,"template":"","format":"standard","meta":{"footnotes":"","_links_to":"","_links_to_target":""},"categories":[1],"tags":[],"class_list":["post-100470","post","type-post","status-publish","format-standard","has-post-thumbnail","hentry","category-geral"],"views":796,"_links":{"self":[{"href":"https:\/\/www.sudoestehoje.com.br\/novoportal\/wp-json\/wp\/v2\/posts\/100470","targetHints":{"allow":["GET"]}}],"collection":[{"href":"https:\/\/www.sudoestehoje.com.br\/novoportal\/wp-json\/wp\/v2\/posts"}],"about":[{"href":"https:\/\/www.sudoestehoje.com.br\/novoportal\/wp-json\/wp\/v2\/types\/post"}],"author":[{"embeddable":true,"href":"https:\/\/www.sudoestehoje.com.br\/novoportal\/wp-json\/wp\/v2\/users\/2"}],"replies":[{"embeddable":true,"href":"https:\/\/www.sudoestehoje.com.br\/novoportal\/wp-json\/wp\/v2\/comments?post=100470"}],"version-history":[{"count":1,"href":"https:\/\/www.sudoestehoje.com.br\/novoportal\/wp-json\/wp\/v2\/posts\/100470\/revisions"}],"predecessor-version":[{"id":100471,"href":"https:\/\/www.sudoestehoje.com.br\/novoportal\/wp-json\/wp\/v2\/posts\/100470\/revisions\/100471"}],"wp:featuredmedia":[{"embeddable":true,"href":"https:\/\/www.sudoestehoje.com.br\/novoportal\/wp-json\/wp\/v2\/media\/100468"}],"wp:attachment":[{"href":"https:\/\/www.sudoestehoje.com.br\/novoportal\/wp-json\/wp\/v2\/media?parent=100470"}],"wp:term":[{"taxonomy":"category","embeddable":true,"href":"https:\/\/www.sudoestehoje.com.br\/novoportal\/wp-json\/wp\/v2\/categories?post=100470"},{"taxonomy":"post_tag","embeddable":true,"href":"https:\/\/www.sudoestehoje.com.br\/novoportal\/wp-json\/wp\/v2\/tags?post=100470"}],"curies":[{"name":"wp","href":"https:\/\/api.w.org\/{rel}","templated":true}]}}