
{"id":100460,"date":"2022-02-20T21:09:44","date_gmt":"2022-02-21T00:09:44","guid":{"rendered":"https:\/\/www.sudoestehoje.com.br\/novoportal\/?p=100460"},"modified":"2022-02-20T21:09:44","modified_gmt":"2022-02-21T00:09:44","slug":"partida-entre-brasil-e-chile-em-salvador-e-cancelada-por-limitacao-de-publico","status":"publish","type":"post","link":"https:\/\/www.sudoestehoje.com.br\/novoportal\/2022\/02\/20\/partida-entre-brasil-e-chile-em-salvador-e-cancelada-por-limitacao-de-publico\/","title":{"rendered":"PARTIDA ENTRE BRASIL E CHILE EM SALVADOR \u00c9 CANCELADA POR LIMITA\u00c7\u00c3O DE P\u00daBLICO"},"content":{"rendered":"<p><a href=\"https:\/\/www.sudoestehoje.com.br\/novoportal\/wp-content\/uploads\/2022\/02\/0cd6fb30e800e1c77c6386c6ff181bb1.jpg\"><img loading=\"lazy\" decoding=\"async\" class=\"aligncenter size-medium wp-image-100462\" src=\"https:\/\/www.sudoestehoje.com.br\/novoportal\/wp-content\/uploads\/2022\/02\/0cd6fb30e800e1c77c6386c6ff181bb1-500x281.jpg\" alt=\"\" width=\"500\" height=\"281\" srcset=\"https:\/\/www.sudoestehoje.com.br\/novoportal\/wp-content\/uploads\/2022\/02\/0cd6fb30e800e1c77c6386c6ff181bb1-500x281.jpg 500w, https:\/\/www.sudoestehoje.com.br\/novoportal\/wp-content\/uploads\/2022\/02\/0cd6fb30e800e1c77c6386c6ff181bb1-700x394.jpg 700w, https:\/\/www.sudoestehoje.com.br\/novoportal\/wp-content\/uploads\/2022\/02\/0cd6fb30e800e1c77c6386c6ff181bb1-768x432.jpg 768w, https:\/\/www.sudoestehoje.com.br\/novoportal\/wp-content\/uploads\/2022\/02\/0cd6fb30e800e1c77c6386c6ff181bb1.jpg 1024w\" sizes=\"auto, (max-width: 500px) 100vw, 500px\" \/><\/a><\/p>\n<p>A partida entre a sele\u00e7\u00e3o brasileira e o Chile, que aconteceria na Fonte Nova, em Salvador, no pr\u00f3ximo dia 24 mar\u00e7o,\u00a0 foi cancelada.\u00a0 O jogo \u00e9 v\u00e1lido pela 17\u00aa rodada das eliminat\u00f3rias da Copa do Mundo de 2022.<\/p>\n<p>O recuo acontece ap\u00f3s o governador<strong> Rui Costa afirmar que n\u00e3o faria concess\u00e3o \u00e0 sele\u00e7\u00e3o<\/strong>, em meio \u00e0 redu\u00e7\u00e3o de p\u00fablico em eventos em todo estado por conta da Covid-19.<\/p>\n<p>O decreto atual do governo estadual para conter a dissemina\u00e7\u00e3o do novo coronav\u00edrus estabelece que o p\u00fablico m\u00e1ximo em est\u00e1dios seja de 1.500 pessoas. O fato de em outros estados haver permiss\u00e3o para p\u00fablicos maiores levou ao questionamento sobre uma poss\u00edvel flexibiliza\u00e7\u00e3o do decreto atual.<\/p>\n","protected":false},"excerpt":{"rendered":"<p>A partida entre a sele\u00e7\u00e3o brasileira e o Chile, que aconteceria na Fonte Nova, em Salvador, no pr\u00f3ximo dia 24 mar\u00e7o,\u00a0 foi cancelada.\u00a0 O jogo \u00e9 v\u00e1lido pela 17\u00aa rodada das eliminat\u00f3rias da Copa do Mundo de 2022. O recuo acontece ap\u00f3s o governador Rui Costa afirmar que n\u00e3o faria concess\u00e3o \u00e0 sele\u00e7\u00e3o, em meio [&hellip;]<\/p>\n","protected":false},"author":2,"featured_media":100462,"comment_status":"open","ping_status":"open","sticky":false,"template":"","format":"standard","meta":{"footnotes":"","_links_to":"","_links_to_target":""},"categories":[1],"tags":[],"class_list":["post-100460","post","type-post","status-publish","format-standard","has-post-thumbnail","hentry","category-geral"],"views":792,"_links":{"self":[{"href":"https:\/\/www.sudoestehoje.com.br\/novoportal\/wp-json\/wp\/v2\/posts\/100460","targetHints":{"allow":["GET"]}}],"collection":[{"href":"https:\/\/www.sudoestehoje.com.br\/novoportal\/wp-json\/wp\/v2\/posts"}],"about":[{"href":"https:\/\/www.sudoestehoje.com.br\/novoportal\/wp-json\/wp\/v2\/types\/post"}],"author":[{"embeddable":true,"href":"https:\/\/www.sudoestehoje.com.br\/novoportal\/wp-json\/wp\/v2\/users\/2"}],"replies":[{"embeddable":true,"href":"https:\/\/www.sudoestehoje.com.br\/novoportal\/wp-json\/wp\/v2\/comments?post=100460"}],"version-history":[{"count":2,"href":"https:\/\/www.sudoestehoje.com.br\/novoportal\/wp-json\/wp\/v2\/posts\/100460\/revisions"}],"predecessor-version":[{"id":100463,"href":"https:\/\/www.sudoestehoje.com.br\/novoportal\/wp-json\/wp\/v2\/posts\/100460\/revisions\/100463"}],"wp:featuredmedia":[{"embeddable":true,"href":"https:\/\/www.sudoestehoje.com.br\/novoportal\/wp-json\/wp\/v2\/media\/100462"}],"wp:attachment":[{"href":"https:\/\/www.sudoestehoje.com.br\/novoportal\/wp-json\/wp\/v2\/media?parent=100460"}],"wp:term":[{"taxonomy":"category","embeddable":true,"href":"https:\/\/www.sudoestehoje.com.br\/novoportal\/wp-json\/wp\/v2\/categories?post=100460"},{"taxonomy":"post_tag","embeddable":true,"href":"https:\/\/www.sudoestehoje.com.br\/novoportal\/wp-json\/wp\/v2\/tags?post=100460"}],"curies":[{"name":"wp","href":"https:\/\/api.w.org\/{rel}","templated":true}]}}