
{"id":100435,"date":"2022-02-19T20:53:45","date_gmt":"2022-02-19T23:53:45","guid":{"rendered":"https:\/\/www.sudoestehoje.com.br\/novoportal\/?p=100435"},"modified":"2022-02-19T20:53:45","modified_gmt":"2022-02-19T23:53:45","slug":"rui-costa-determina-que-havera-aulas-na-rede-publica-no-pediodo-do-carnaval","status":"publish","type":"post","link":"https:\/\/www.sudoestehoje.com.br\/novoportal\/2022\/02\/19\/rui-costa-determina-que-havera-aulas-na-rede-publica-no-pediodo-do-carnaval\/","title":{"rendered":"RUI COSTA DETERMINA QUE HAVER\u00c1 AULAS NA REDE P\u00daBLICA NO PED\u00cdODO DO CARNAVAL"},"content":{"rendered":"<p><a href=\"https:\/\/www.sudoestehoje.com.br\/novoportal\/wp-content\/uploads\/2022\/02\/aulas-1000x530-1.jpg\"><img loading=\"lazy\" decoding=\"async\" class=\"aligncenter size-medium wp-image-100438\" src=\"https:\/\/www.sudoestehoje.com.br\/novoportal\/wp-content\/uploads\/2022\/02\/aulas-1000x530-1-500x265.jpg\" alt=\"\" width=\"500\" height=\"265\" srcset=\"https:\/\/www.sudoestehoje.com.br\/novoportal\/wp-content\/uploads\/2022\/02\/aulas-1000x530-1-500x265.jpg 500w, https:\/\/www.sudoestehoje.com.br\/novoportal\/wp-content\/uploads\/2022\/02\/aulas-1000x530-1-700x371.jpg 700w, https:\/\/www.sudoestehoje.com.br\/novoportal\/wp-content\/uploads\/2022\/02\/aulas-1000x530-1-768x407.jpg 768w, https:\/\/www.sudoestehoje.com.br\/novoportal\/wp-content\/uploads\/2022\/02\/aulas-1000x530-1.jpg 1000w\" sizes=\"auto, (max-width: 500px) 100vw, 500px\" \/><\/a><\/p>\n<p>Os estudantes da rede p\u00fablica de ensino da Bahia ter\u00e3o aulas no per\u00edodo de Carnaval, entre os dias 28 de fevereiro e 2 de mar\u00e7o. A portaria foi publicada pela Secretaria da Educa\u00e7\u00e3o do Estado (SEC), na edi\u00e7\u00e3o deste s\u00e1bado (19) do Di\u00e1rio Oficial. Assim, as escolas da rede p\u00fablica de ensino abrem normalmente na segunda, ter\u00e7a e quarta-feira da pr\u00f3xima semana, quando ocorreria a festa de rua.<\/p>\n<p>A medida segue o estabelecido pelo decreto publicado no \u00faltimo dia 15, que disp\u00f5e sobre o expediente normal nas reparti\u00e7\u00f5es p\u00fablicas do poder executivo estadual, nos dias 25 e 28 de fevereiro e 1\u00b0 de mar\u00e7o de 2022.<\/p>\n<p>No final do m\u00eas passado, o governador Rui Costa (PT) j\u00e1 havia anunciado que a Bahia n\u00e3o teria feriado prolongado ou ponto facultativo neste per\u00edodo, j\u00e1 que o Carnaval n\u00e3o ser\u00e1 realizado pelo segundo ano consecutivo, em virtude da pandemia.<\/p>\n","protected":false},"excerpt":{"rendered":"<p>Os estudantes da rede p\u00fablica de ensino da Bahia ter\u00e3o aulas no per\u00edodo de Carnaval, entre os dias 28 de fevereiro e 2 de mar\u00e7o. A portaria foi publicada pela Secretaria da Educa\u00e7\u00e3o do Estado (SEC), na edi\u00e7\u00e3o deste s\u00e1bado (19) do Di\u00e1rio Oficial. Assim, as escolas da rede p\u00fablica de ensino abrem normalmente na [&hellip;]<\/p>\n","protected":false},"author":2,"featured_media":100438,"comment_status":"open","ping_status":"open","sticky":false,"template":"","format":"standard","meta":{"footnotes":"","_links_to":"","_links_to_target":""},"categories":[1],"tags":[],"class_list":["post-100435","post","type-post","status-publish","format-standard","has-post-thumbnail","hentry","category-geral"],"views":808,"_links":{"self":[{"href":"https:\/\/www.sudoestehoje.com.br\/novoportal\/wp-json\/wp\/v2\/posts\/100435","targetHints":{"allow":["GET"]}}],"collection":[{"href":"https:\/\/www.sudoestehoje.com.br\/novoportal\/wp-json\/wp\/v2\/posts"}],"about":[{"href":"https:\/\/www.sudoestehoje.com.br\/novoportal\/wp-json\/wp\/v2\/types\/post"}],"author":[{"embeddable":true,"href":"https:\/\/www.sudoestehoje.com.br\/novoportal\/wp-json\/wp\/v2\/users\/2"}],"replies":[{"embeddable":true,"href":"https:\/\/www.sudoestehoje.com.br\/novoportal\/wp-json\/wp\/v2\/comments?post=100435"}],"version-history":[{"count":3,"href":"https:\/\/www.sudoestehoje.com.br\/novoportal\/wp-json\/wp\/v2\/posts\/100435\/revisions"}],"predecessor-version":[{"id":100439,"href":"https:\/\/www.sudoestehoje.com.br\/novoportal\/wp-json\/wp\/v2\/posts\/100435\/revisions\/100439"}],"wp:featuredmedia":[{"embeddable":true,"href":"https:\/\/www.sudoestehoje.com.br\/novoportal\/wp-json\/wp\/v2\/media\/100438"}],"wp:attachment":[{"href":"https:\/\/www.sudoestehoje.com.br\/novoportal\/wp-json\/wp\/v2\/media?parent=100435"}],"wp:term":[{"taxonomy":"category","embeddable":true,"href":"https:\/\/www.sudoestehoje.com.br\/novoportal\/wp-json\/wp\/v2\/categories?post=100435"},{"taxonomy":"post_tag","embeddable":true,"href":"https:\/\/www.sudoestehoje.com.br\/novoportal\/wp-json\/wp\/v2\/tags?post=100435"}],"curies":[{"name":"wp","href":"https:\/\/api.w.org\/{rel}","templated":true}]}}