
{"id":100422,"date":"2022-02-19T20:31:42","date_gmt":"2022-02-19T23:31:42","guid":{"rendered":"https:\/\/www.sudoestehoje.com.br\/novoportal\/?p=100422"},"modified":"2022-02-19T20:58:37","modified_gmt":"2022-02-19T23:58:37","slug":"vereador-helder-ladeia-cobra-atuacao-das-secretarias-de-obras-e-transportes-em-bandeira-do-colonia","status":"publish","type":"post","link":"https:\/\/www.sudoestehoje.com.br\/novoportal\/2022\/02\/19\/vereador-helder-ladeia-cobra-atuacao-das-secretarias-de-obras-e-transportes-em-bandeira-do-colonia\/","title":{"rendered":"VEREADOR HELDER LADEIA COBRA ATUA\u00c7\u00c3O DAS SECRETARIAS DE OBRAS E TRANSPORTES EM BANDEIRA DO COL\u00d4NIA"},"content":{"rendered":"<p><a href=\"https:\/\/www.sudoestehoje.com.br\/novoportal\/wp-content\/uploads\/2022\/02\/WhatsApp-Image-2022-02-19-at-20.02.14.jpeg\"><img loading=\"lazy\" decoding=\"async\" class=\"aligncenter size-medium wp-image-100423\" src=\"https:\/\/www.sudoestehoje.com.br\/novoportal\/wp-content\/uploads\/2022\/02\/WhatsApp-Image-2022-02-19-at-20.02.14-500x372.jpeg\" alt=\"\" width=\"500\" height=\"372\" srcset=\"https:\/\/www.sudoestehoje.com.br\/novoportal\/wp-content\/uploads\/2022\/02\/WhatsApp-Image-2022-02-19-at-20.02.14-500x372.jpeg 500w, https:\/\/www.sudoestehoje.com.br\/novoportal\/wp-content\/uploads\/2022\/02\/WhatsApp-Image-2022-02-19-at-20.02.14-700x520.jpeg 700w, https:\/\/www.sudoestehoje.com.br\/novoportal\/wp-content\/uploads\/2022\/02\/WhatsApp-Image-2022-02-19-at-20.02.14-768x571.jpeg 768w, https:\/\/www.sudoestehoje.com.br\/novoportal\/wp-content\/uploads\/2022\/02\/WhatsApp-Image-2022-02-19-at-20.02.14.jpeg 790w\" sizes=\"auto, (max-width: 500px) 100vw, 500px\" \/><\/a><\/p>\n<p>O vereador H\u00e9lder Ladeia, representante do distrito de Bandeira do Col\u00f4nia, usou a tribuna da C\u00e2mara, na \u00faltima quinta-feira (17), para cobrar dos secret\u00e1rios Gustavo David, da Infraestrutura, e Daniel Moreira, do Transporte, diversas obras e servi\u00e7os no distrito, a exemplo do patrolamento e encascalhamento de ruas que foram afetados pelas fortes chuvas, no final do ano.<\/p>\n<p>J\u00e1 na sexta (18), Helder esteve com o o secret\u00e1rio Daniel Moreira, e solicitou que levasse ao distrito, com urg\u00eancia, m\u00e1quinas para execu\u00e7\u00e3o do trabalho, obtendo do secret\u00e1rio a garantia de que at\u00e9 na quarta (23) a frota do munic\u00edpio seria deslocada para Bandeira, para realiza\u00e7\u00e3o dos servi\u00e7os.<\/p>\n<p>H\u00e9lder lembrou que esteve pessoalmente em diversas ruas afetadas pelas chuvas e que a cobran\u00e7a dos moradores \u00e9 muito grande, raz\u00e3o pela qual levou essas demandas aos secret\u00e1rios respons\u00e1veis,\u00a0 acreditando que desta vez ter\u00e1 seu pedido atendido.<\/p>\n<p>O vereador cita ainda que j\u00e1 fez in\u00fameras Indica\u00e7\u00f5es ao poder executivo, todas aprovadas na C\u00e2mara e encaminhadas ao gabinete do prefeito. <em>\/\/ Ascom<\/em><\/p>\n","protected":false},"excerpt":{"rendered":"<p>O vereador H\u00e9lder Ladeia, representante do distrito de Bandeira do Col\u00f4nia, usou a tribuna da C\u00e2mara, na \u00faltima quinta-feira (17), para cobrar dos secret\u00e1rios Gustavo David, da Infraestrutura, e Daniel Moreira, do Transporte, diversas obras e servi\u00e7os no distrito, a exemplo do patrolamento e encascalhamento de ruas que foram afetados pelas fortes chuvas, no final [&hellip;]<\/p>\n","protected":false},"author":2,"featured_media":100423,"comment_status":"open","ping_status":"open","sticky":false,"template":"","format":"standard","meta":{"footnotes":"","_links_to":"","_links_to_target":""},"categories":[1],"tags":[],"class_list":["post-100422","post","type-post","status-publish","format-standard","has-post-thumbnail","hentry","category-geral"],"views":918,"_links":{"self":[{"href":"https:\/\/www.sudoestehoje.com.br\/novoportal\/wp-json\/wp\/v2\/posts\/100422","targetHints":{"allow":["GET"]}}],"collection":[{"href":"https:\/\/www.sudoestehoje.com.br\/novoportal\/wp-json\/wp\/v2\/posts"}],"about":[{"href":"https:\/\/www.sudoestehoje.com.br\/novoportal\/wp-json\/wp\/v2\/types\/post"}],"author":[{"embeddable":true,"href":"https:\/\/www.sudoestehoje.com.br\/novoportal\/wp-json\/wp\/v2\/users\/2"}],"replies":[{"embeddable":true,"href":"https:\/\/www.sudoestehoje.com.br\/novoportal\/wp-json\/wp\/v2\/comments?post=100422"}],"version-history":[{"count":12,"href":"https:\/\/www.sudoestehoje.com.br\/novoportal\/wp-json\/wp\/v2\/posts\/100422\/revisions"}],"predecessor-version":[{"id":100440,"href":"https:\/\/www.sudoestehoje.com.br\/novoportal\/wp-json\/wp\/v2\/posts\/100422\/revisions\/100440"}],"wp:featuredmedia":[{"embeddable":true,"href":"https:\/\/www.sudoestehoje.com.br\/novoportal\/wp-json\/wp\/v2\/media\/100423"}],"wp:attachment":[{"href":"https:\/\/www.sudoestehoje.com.br\/novoportal\/wp-json\/wp\/v2\/media?parent=100422"}],"wp:term":[{"taxonomy":"category","embeddable":true,"href":"https:\/\/www.sudoestehoje.com.br\/novoportal\/wp-json\/wp\/v2\/categories?post=100422"},{"taxonomy":"post_tag","embeddable":true,"href":"https:\/\/www.sudoestehoje.com.br\/novoportal\/wp-json\/wp\/v2\/tags?post=100422"}],"curies":[{"name":"wp","href":"https:\/\/api.w.org\/{rel}","templated":true}]}}