
{"id":100403,"date":"2022-02-17T18:25:34","date_gmt":"2022-02-17T21:25:34","guid":{"rendered":"https:\/\/www.sudoestehoje.com.br\/novoportal\/?p=100403"},"modified":"2022-02-17T21:02:47","modified_gmt":"2022-02-18T00:02:47","slug":"vice-governador-joao-leao-passa-mal-em-palanque-e-e-retirado-de-maca","status":"publish","type":"post","link":"https:\/\/www.sudoestehoje.com.br\/novoportal\/2022\/02\/17\/vice-governador-joao-leao-passa-mal-em-palanque-e-e-retirado-de-maca\/","title":{"rendered":"VICE-GOVERNADOR JO\u00c3O LE\u00c3O PASSA MAL EM PALANQUE E \u00c9 RETIRADO DE MACA"},"content":{"rendered":"<div>\n<p><a href=\"https:\/\/www.sudoestehoje.com.br\/novoportal\/wp-content\/uploads\/2022\/02\/WhatsApp-Image-2022-02-17-at-18.21.55.jpeg\"><img loading=\"lazy\" decoding=\"async\" class=\"aligncenter size-medium wp-image-100405\" src=\"https:\/\/www.sudoestehoje.com.br\/novoportal\/wp-content\/uploads\/2022\/02\/WhatsApp-Image-2022-02-17-at-18.21.55-500x333.jpeg\" alt=\"\" width=\"500\" height=\"333\" srcset=\"https:\/\/www.sudoestehoje.com.br\/novoportal\/wp-content\/uploads\/2022\/02\/WhatsApp-Image-2022-02-17-at-18.21.55-500x333.jpeg 500w, https:\/\/www.sudoestehoje.com.br\/novoportal\/wp-content\/uploads\/2022\/02\/WhatsApp-Image-2022-02-17-at-18.21.55-700x466.jpeg 700w, https:\/\/www.sudoestehoje.com.br\/novoportal\/wp-content\/uploads\/2022\/02\/WhatsApp-Image-2022-02-17-at-18.21.55-768x511.jpeg 768w, https:\/\/www.sudoestehoje.com.br\/novoportal\/wp-content\/uploads\/2022\/02\/WhatsApp-Image-2022-02-17-at-18.21.55.jpeg 1080w\" sizes=\"auto, (max-width: 500px) 100vw, 500px\" \/><\/a><\/p>\n<p class=\"bodytext\">O vice-governador da Bahia, Jo\u00e3o Le\u00e3o (PP),\u00a0 passou mal na manh\u00e3 desta quinta-feira (17) durante um evento em comemora\u00e7\u00e3o aos 197 anos da Pol\u00edcia Militar da Bahia, em Salvador, e teve de ser socorrido \u00e0s pressas. Le\u00e3o saiu do local de maca, ap\u00f3s uma ambul\u00e2ncia ser acionada rapidamente para levar o pol\u00edtico at\u00e9 o helic\u00f3ptero oficial do governo do estado.<\/p>\n<\/div>\n<div>O vice-governador chegou a ter os primeiros socorros feitos pela deputada estadual e m\u00e9dica, Fab\u00edola Mansur. Ele foi encaminhado para o Hospital Santa Izabel, em Nazar\u00e9, onde receber\u00e1 atendimento m\u00e9dico.<\/div>\n<div>\n<p>A assessoria da secretaria de Planejamento, a qual Le\u00e3o \u00e9 titular, informou em nota que o vice-governador teve uma queda de press\u00e3o por n\u00e3o ter tomado caf\u00e9 da manh\u00e3 e devido ao forte calor que estava fazendo no local.<\/p>\n<p>No final da tarde, o pol\u00edtico recebeu alta hospitalar e se recupera em casa, onde dever\u00e1 &#8216;<em>tomar um caf\u00e9 refor\u00e7ado<\/em>&#8216;.<\/p>\n<\/div>\n","protected":false},"excerpt":{"rendered":"<p>O vice-governador da Bahia, Jo\u00e3o Le\u00e3o (PP),\u00a0 passou mal na manh\u00e3 desta quinta-feira (17) durante um evento em comemora\u00e7\u00e3o aos 197 anos da Pol\u00edcia Militar da Bahia, em Salvador, e teve de ser socorrido \u00e0s pressas. Le\u00e3o saiu do local de maca, ap\u00f3s uma ambul\u00e2ncia ser acionada rapidamente para levar o pol\u00edtico at\u00e9 o helic\u00f3ptero [&hellip;]<\/p>\n","protected":false},"author":2,"featured_media":100405,"comment_status":"open","ping_status":"open","sticky":false,"template":"","format":"standard","meta":{"footnotes":"","_links_to":"","_links_to_target":""},"categories":[1],"tags":[],"class_list":["post-100403","post","type-post","status-publish","format-standard","has-post-thumbnail","hentry","category-geral"],"views":1177,"_links":{"self":[{"href":"https:\/\/www.sudoestehoje.com.br\/novoportal\/wp-json\/wp\/v2\/posts\/100403","targetHints":{"allow":["GET"]}}],"collection":[{"href":"https:\/\/www.sudoestehoje.com.br\/novoportal\/wp-json\/wp\/v2\/posts"}],"about":[{"href":"https:\/\/www.sudoestehoje.com.br\/novoportal\/wp-json\/wp\/v2\/types\/post"}],"author":[{"embeddable":true,"href":"https:\/\/www.sudoestehoje.com.br\/novoportal\/wp-json\/wp\/v2\/users\/2"}],"replies":[{"embeddable":true,"href":"https:\/\/www.sudoestehoje.com.br\/novoportal\/wp-json\/wp\/v2\/comments?post=100403"}],"version-history":[{"count":4,"href":"https:\/\/www.sudoestehoje.com.br\/novoportal\/wp-json\/wp\/v2\/posts\/100403\/revisions"}],"predecessor-version":[{"id":100408,"href":"https:\/\/www.sudoestehoje.com.br\/novoportal\/wp-json\/wp\/v2\/posts\/100403\/revisions\/100408"}],"wp:featuredmedia":[{"embeddable":true,"href":"https:\/\/www.sudoestehoje.com.br\/novoportal\/wp-json\/wp\/v2\/media\/100405"}],"wp:attachment":[{"href":"https:\/\/www.sudoestehoje.com.br\/novoportal\/wp-json\/wp\/v2\/media?parent=100403"}],"wp:term":[{"taxonomy":"category","embeddable":true,"href":"https:\/\/www.sudoestehoje.com.br\/novoportal\/wp-json\/wp\/v2\/categories?post=100403"},{"taxonomy":"post_tag","embeddable":true,"href":"https:\/\/www.sudoestehoje.com.br\/novoportal\/wp-json\/wp\/v2\/tags?post=100403"}],"curies":[{"name":"wp","href":"https:\/\/api.w.org\/{rel}","templated":true}]}}