
{"id":100397,"date":"2022-02-17T00:58:49","date_gmt":"2022-02-17T03:58:49","guid":{"rendered":"https:\/\/www.sudoestehoje.com.br\/novoportal\/?p=100397"},"modified":"2022-02-17T00:58:49","modified_gmt":"2022-02-17T03:58:49","slug":"itapetinga-credito-emergencial-do-estado-ainda-nao-foi-liberado-para-os-comerciantes-atingidos-pelas-chuvas","status":"publish","type":"post","link":"https:\/\/www.sudoestehoje.com.br\/novoportal\/2022\/02\/17\/itapetinga-credito-emergencial-do-estado-ainda-nao-foi-liberado-para-os-comerciantes-atingidos-pelas-chuvas\/","title":{"rendered":"ITAPETINGA: CR\u00c9DITO EMERGENCIAL DO ESTADO AINDA N\u00c3O FOI LIBERADO PARA OS COMERCIANTES ATINGIDOS PELAS CHUVAS"},"content":{"rendered":"<p><a href=\"https:\/\/www.sudoestehoje.com.br\/novoportal\/wp-content\/uploads\/2022\/02\/CENTRAL-ALAGADA-nova.jpg\"><img loading=\"lazy\" decoding=\"async\" class=\"aligncenter size-full wp-image-100398\" src=\"https:\/\/www.sudoestehoje.com.br\/novoportal\/wp-content\/uploads\/2022\/02\/CENTRAL-ALAGADA-nova.jpg\" alt=\"\" width=\"499\" height=\"400\" \/><\/a><\/p>\n<p>Lan\u00e7ado pelo Governo do Estado, atrav\u00e9s do Desembahia, o<strong> cr\u00e9dito emergencial<\/strong> destinado a pequenos comerciantes que tiveram seus estabelecimentos atingidos pelas chuvas e cheia do rio Catol\u00e9, ainda n\u00e3o foi liberado para Itapetinga, segundo relatos de micro empres\u00e1rios cadastrados no programa.<\/p>\n<p>A chiadeira \u00e9 geral entre os comerciantes da Central de Abastecimento e da Nova Itapetinga, os mais impactados pelas chuvas, que at\u00e9 agora n\u00e3o viram a cor do dinheiro prometido pelo governo do estado, depois da trabalheira para juntar a documenta\u00e7\u00e3o exigida e formalizar os pedidos de empr\u00e9stimo no SAC local.<\/p>\n<p>O programa foi lan\u00e7ado no munic\u00edpio no in\u00edcio de janeiro deste ano, pelo Secret\u00e1rio Estadual do Trabalho,<strong> Davidson Magalh\u00e3es,<\/strong> acompanhado dos deputados <strong>Daniel Almeida (PCdoB) e Rosemberg Pinto (PT)<\/strong> e lideran\u00e7as governistas locais, em ato pol\u00edtico no plen\u00e1rio da c\u00e2mara municipal.<\/p>\n<p><strong>Desembahia e Setras<\/strong> ainda n\u00e3o se pronunciaram sobre o motivo do atraso nas libera\u00e7\u00f5es dos recursos para os comerciantes de Itapetinga, at\u00e9 o momento.<\/p>\n<p><strong><em>Por Davi Ferraz<\/em><\/strong><\/p>\n","protected":false},"excerpt":{"rendered":"<p>Lan\u00e7ado pelo Governo do Estado, atrav\u00e9s do Desembahia, o cr\u00e9dito emergencial destinado a pequenos comerciantes que tiveram seus estabelecimentos atingidos pelas chuvas e cheia do rio Catol\u00e9, ainda n\u00e3o foi liberado para Itapetinga, segundo relatos de micro empres\u00e1rios cadastrados no programa. A chiadeira \u00e9 geral entre os comerciantes da Central de Abastecimento e da Nova [&hellip;]<\/p>\n","protected":false},"author":2,"featured_media":100398,"comment_status":"open","ping_status":"open","sticky":false,"template":"","format":"standard","meta":{"footnotes":"","_links_to":"","_links_to_target":""},"categories":[1],"tags":[],"class_list":["post-100397","post","type-post","status-publish","format-standard","has-post-thumbnail","hentry","category-geral"],"views":1574,"_links":{"self":[{"href":"https:\/\/www.sudoestehoje.com.br\/novoportal\/wp-json\/wp\/v2\/posts\/100397","targetHints":{"allow":["GET"]}}],"collection":[{"href":"https:\/\/www.sudoestehoje.com.br\/novoportal\/wp-json\/wp\/v2\/posts"}],"about":[{"href":"https:\/\/www.sudoestehoje.com.br\/novoportal\/wp-json\/wp\/v2\/types\/post"}],"author":[{"embeddable":true,"href":"https:\/\/www.sudoestehoje.com.br\/novoportal\/wp-json\/wp\/v2\/users\/2"}],"replies":[{"embeddable":true,"href":"https:\/\/www.sudoestehoje.com.br\/novoportal\/wp-json\/wp\/v2\/comments?post=100397"}],"version-history":[{"count":4,"href":"https:\/\/www.sudoestehoje.com.br\/novoportal\/wp-json\/wp\/v2\/posts\/100397\/revisions"}],"predecessor-version":[{"id":100402,"href":"https:\/\/www.sudoestehoje.com.br\/novoportal\/wp-json\/wp\/v2\/posts\/100397\/revisions\/100402"}],"wp:featuredmedia":[{"embeddable":true,"href":"https:\/\/www.sudoestehoje.com.br\/novoportal\/wp-json\/wp\/v2\/media\/100398"}],"wp:attachment":[{"href":"https:\/\/www.sudoestehoje.com.br\/novoportal\/wp-json\/wp\/v2\/media?parent=100397"}],"wp:term":[{"taxonomy":"category","embeddable":true,"href":"https:\/\/www.sudoestehoje.com.br\/novoportal\/wp-json\/wp\/v2\/categories?post=100397"},{"taxonomy":"post_tag","embeddable":true,"href":"https:\/\/www.sudoestehoje.com.br\/novoportal\/wp-json\/wp\/v2\/tags?post=100397"}],"curies":[{"name":"wp","href":"https:\/\/api.w.org\/{rel}","templated":true}]}}