
{"id":100387,"date":"2022-02-16T23:40:12","date_gmt":"2022-02-17T02:40:12","guid":{"rendered":"https:\/\/www.sudoestehoje.com.br\/novoportal\/?p=100387"},"modified":"2022-02-16T23:40:12","modified_gmt":"2022-02-17T02:40:12","slug":"brasil-temporal-em-petropolis-deixa-94-mortos-e-35-desaparecidos-ate-esta-quarta","status":"publish","type":"post","link":"https:\/\/www.sudoestehoje.com.br\/novoportal\/2022\/02\/16\/brasil-temporal-em-petropolis-deixa-94-mortos-e-35-desaparecidos-ate-esta-quarta\/","title":{"rendered":"BRASIL | TEMPORAL EM PETR\u00d3POLIS DEIXA 94 MORTOS E 35 DESAPARECIDOS AT\u00c9 ESTA QUARTA"},"content":{"rendered":"<p><a href=\"https:\/\/www.sudoestehoje.com.br\/novoportal\/wp-content\/uploads\/2022\/02\/whatsapp-image-2022-02-16-at-06.20.01-2-.jpeg\"><img loading=\"lazy\" decoding=\"async\" class=\"aligncenter size-medium wp-image-100392\" src=\"https:\/\/www.sudoestehoje.com.br\/novoportal\/wp-content\/uploads\/2022\/02\/whatsapp-image-2022-02-16-at-06.20.01-2--500x343.jpeg\" alt=\"\" width=\"500\" height=\"343\" srcset=\"https:\/\/www.sudoestehoje.com.br\/novoportal\/wp-content\/uploads\/2022\/02\/whatsapp-image-2022-02-16-at-06.20.01-2--500x343.jpeg 500w, https:\/\/www.sudoestehoje.com.br\/novoportal\/wp-content\/uploads\/2022\/02\/whatsapp-image-2022-02-16-at-06.20.01-2--700x480.jpeg 700w, https:\/\/www.sudoestehoje.com.br\/novoportal\/wp-content\/uploads\/2022\/02\/whatsapp-image-2022-02-16-at-06.20.01-2--768x527.jpeg 768w, https:\/\/www.sudoestehoje.com.br\/novoportal\/wp-content\/uploads\/2022\/02\/whatsapp-image-2022-02-16-at-06.20.01-2-.jpeg 1000w\" sizes=\"auto, (max-width: 500px) 100vw, 500px\" \/><\/a><\/p>\n<p>O n\u00famero de mortos em\u00a0Petr\u00f3polis\u00a0ap\u00f3s\u00a0a tempestade de ter\u00e7a\u00a0(15) chegou a\u00a094, at\u00e9 as 20h30 desta quarta-feira (16) \u2013 ao menos 8 v\u00edtimas s\u00e3o crian\u00e7as. Segundo a Secretaria Estadual de Defesa Civil,\u00a024 pessoas foram resgatadas com vida.<a href=\"https:\/\/www.sudoestehoje.com.br\/novoportal\/wp-content\/uploads\/2022\/02\/petropolis4.jpeg\"><img loading=\"lazy\" decoding=\"async\" class=\"aligncenter size-medium wp-image-100393\" src=\"https:\/\/www.sudoestehoje.com.br\/novoportal\/wp-content\/uploads\/2022\/02\/petropolis4-500x281.jpeg\" alt=\"\" width=\"500\" height=\"281\" srcset=\"https:\/\/www.sudoestehoje.com.br\/novoportal\/wp-content\/uploads\/2022\/02\/petropolis4-500x281.jpeg 500w, https:\/\/www.sudoestehoje.com.br\/novoportal\/wp-content\/uploads\/2022\/02\/petropolis4-700x394.jpeg 700w, https:\/\/www.sudoestehoje.com.br\/novoportal\/wp-content\/uploads\/2022\/02\/petropolis4-768x432.jpeg 768w, https:\/\/www.sudoestehoje.com.br\/novoportal\/wp-content\/uploads\/2022\/02\/petropolis4.jpeg 1008w\" sizes=\"auto, (max-width: 500px) 100vw, 500px\" \/><\/a><\/p>\n<div class=\"mc-column content-text active-extra-styles \" data-block-type=\"unstyled\" data-block-weight=\"42\" data-block-id=\"9\">\n<p class=\"content-text__container \" data-track-category=\"Link no Texto\" data-track-links=\"\">O Corpo de Bombeiros\u00a0<span class=\"highlight highlighted\">ainda n\u00e3o sabe o n\u00famero de desaparecidos,\u00a0<\/span>mas o cadastro do Minist\u00e9rio P\u00fablico do Rio de Janeiro (MPRJ), feito at\u00e9 o in\u00edcio desta noite, indica que ao menos\u00a035 pessoas s\u00e3o procuradas.<strong><a href=\"https:\/\/www.sudoestehoje.com.br\/novoportal\/wp-content\/uploads\/2022\/02\/bdrj-oficina3.jpeg\"><img loading=\"lazy\" decoding=\"async\" class=\"aligncenter size-medium wp-image-100394\" src=\"https:\/\/www.sudoestehoje.com.br\/novoportal\/wp-content\/uploads\/2022\/02\/bdrj-oficina3-500x281.jpeg\" alt=\"\" width=\"500\" height=\"281\" srcset=\"https:\/\/www.sudoestehoje.com.br\/novoportal\/wp-content\/uploads\/2022\/02\/bdrj-oficina3-500x281.jpeg 500w, https:\/\/www.sudoestehoje.com.br\/novoportal\/wp-content\/uploads\/2022\/02\/bdrj-oficina3-700x394.jpeg 700w, https:\/\/www.sudoestehoje.com.br\/novoportal\/wp-content\/uploads\/2022\/02\/bdrj-oficina3-768x432.jpeg 768w, https:\/\/www.sudoestehoje.com.br\/novoportal\/wp-content\/uploads\/2022\/02\/bdrj-oficina3.jpeg 1008w\" sizes=\"auto, (max-width: 500px) 100vw, 500px\" \/><\/a><\/strong><\/p>\n<\/div>\n<div class=\"mc-column content-text active-extra-styles \" data-block-type=\"unstyled\" data-block-weight=\"23\" data-block-id=\"10\">\n<p class=\"content-text__container \" data-track-category=\"Link no Texto\" data-track-links=\"\">Pelo menos\u00a0<strong>54 casas foram destru\u00eddas<\/strong>\u00a0pelas chuvas que atingiram a regi\u00e3o e\u00a0<strong>mais de 370 pessoas foram acolhidas<\/strong>\u00a0em abrigos improvisados.<a href=\"https:\/\/www.sudoestehoje.com.br\/novoportal\/wp-content\/uploads\/2022\/02\/16chuva1.jpg\"><img loading=\"lazy\" decoding=\"async\" class=\"aligncenter size-medium wp-image-100391\" src=\"https:\/\/www.sudoestehoje.com.br\/novoportal\/wp-content\/uploads\/2022\/02\/16chuva1-500x281.jpg\" alt=\"\" width=\"500\" height=\"281\" srcset=\"https:\/\/www.sudoestehoje.com.br\/novoportal\/wp-content\/uploads\/2022\/02\/16chuva1-500x281.jpg 500w, https:\/\/www.sudoestehoje.com.br\/novoportal\/wp-content\/uploads\/2022\/02\/16chuva1-700x394.jpg 700w, https:\/\/www.sudoestehoje.com.br\/novoportal\/wp-content\/uploads\/2022\/02\/16chuva1-768x432.jpg 768w, https:\/\/www.sudoestehoje.com.br\/novoportal\/wp-content\/uploads\/2022\/02\/16chuva1.jpg 1008w\" sizes=\"auto, (max-width: 500px) 100vw, 500px\" \/><\/a><\/p>\n<p data-track-category=\"Link no Texto\" data-track-links=\"\">Cerca de\u00a0<strong>400 bombeiros<\/strong>\u00a0trabalham nas buscas aos desaparecidos. A Pol\u00edcia Civil do RJ tamb\u00e9m montou uma for\u00e7a-tarefa na cidade. S\u00e3o cerca de\u00a0<strong>200 policiais<\/strong>, peritos legistas e criminais, papiloscopistas, t\u00e9cnicos e auxiliares de necropsia, servidores de cart\u00f3rio e de diversas delegacias da Regi\u00e3o Serrana.<\/p>\n<p data-track-category=\"Link no Texto\" data-track-links=\"\"><img loading=\"lazy\" decoding=\"async\" class=\"aligncenter size-medium wp-image-100389\" src=\"https:\/\/www.sudoestehoje.com.br\/novoportal\/wp-content\/uploads\/2022\/02\/bdrj-oficina4-500x281.jpeg\" alt=\"\" width=\"500\" height=\"281\" srcset=\"https:\/\/www.sudoestehoje.com.br\/novoportal\/wp-content\/uploads\/2022\/02\/bdrj-oficina4-500x281.jpeg 500w, https:\/\/www.sudoestehoje.com.br\/novoportal\/wp-content\/uploads\/2022\/02\/bdrj-oficina4-700x394.jpeg 700w, https:\/\/www.sudoestehoje.com.br\/novoportal\/wp-content\/uploads\/2022\/02\/bdrj-oficina4-768x432.jpeg 768w, https:\/\/www.sudoestehoje.com.br\/novoportal\/wp-content\/uploads\/2022\/02\/bdrj-oficina4.jpeg 1008w\" sizes=\"auto, (max-width: 500px) 100vw, 500px\" \/><\/p>\n<\/div>\n","protected":false},"excerpt":{"rendered":"<p>O n\u00famero de mortos em\u00a0Petr\u00f3polis\u00a0ap\u00f3s\u00a0a tempestade de ter\u00e7a\u00a0(15) chegou a\u00a094, at\u00e9 as 20h30 desta quarta-feira (16) \u2013 ao menos 8 v\u00edtimas s\u00e3o crian\u00e7as. Segundo a Secretaria Estadual de Defesa Civil,\u00a024 pessoas foram resgatadas com vida. O Corpo de Bombeiros\u00a0ainda n\u00e3o sabe o n\u00famero de desaparecidos,\u00a0mas o cadastro do Minist\u00e9rio P\u00fablico do Rio de Janeiro (MPRJ), [&hellip;]<\/p>\n","protected":false},"author":2,"featured_media":100392,"comment_status":"open","ping_status":"open","sticky":false,"template":"","format":"standard","meta":{"footnotes":"","_links_to":"","_links_to_target":""},"categories":[1],"tags":[],"class_list":["post-100387","post","type-post","status-publish","format-standard","has-post-thumbnail","hentry","category-geral"],"views":831,"_links":{"self":[{"href":"https:\/\/www.sudoestehoje.com.br\/novoportal\/wp-json\/wp\/v2\/posts\/100387","targetHints":{"allow":["GET"]}}],"collection":[{"href":"https:\/\/www.sudoestehoje.com.br\/novoportal\/wp-json\/wp\/v2\/posts"}],"about":[{"href":"https:\/\/www.sudoestehoje.com.br\/novoportal\/wp-json\/wp\/v2\/types\/post"}],"author":[{"embeddable":true,"href":"https:\/\/www.sudoestehoje.com.br\/novoportal\/wp-json\/wp\/v2\/users\/2"}],"replies":[{"embeddable":true,"href":"https:\/\/www.sudoestehoje.com.br\/novoportal\/wp-json\/wp\/v2\/comments?post=100387"}],"version-history":[{"count":2,"href":"https:\/\/www.sudoestehoje.com.br\/novoportal\/wp-json\/wp\/v2\/posts\/100387\/revisions"}],"predecessor-version":[{"id":100396,"href":"https:\/\/www.sudoestehoje.com.br\/novoportal\/wp-json\/wp\/v2\/posts\/100387\/revisions\/100396"}],"wp:featuredmedia":[{"embeddable":true,"href":"https:\/\/www.sudoestehoje.com.br\/novoportal\/wp-json\/wp\/v2\/media\/100392"}],"wp:attachment":[{"href":"https:\/\/www.sudoestehoje.com.br\/novoportal\/wp-json\/wp\/v2\/media?parent=100387"}],"wp:term":[{"taxonomy":"category","embeddable":true,"href":"https:\/\/www.sudoestehoje.com.br\/novoportal\/wp-json\/wp\/v2\/categories?post=100387"},{"taxonomy":"post_tag","embeddable":true,"href":"https:\/\/www.sudoestehoje.com.br\/novoportal\/wp-json\/wp\/v2\/tags?post=100387"}],"curies":[{"name":"wp","href":"https:\/\/api.w.org\/{rel}","templated":true}]}}