
{"id":100379,"date":"2022-02-16T17:53:52","date_gmt":"2022-02-16T20:53:52","guid":{"rendered":"https:\/\/www.sudoestehoje.com.br\/novoportal\/?p=100379"},"modified":"2022-02-16T17:58:17","modified_gmt":"2022-02-16T20:58:17","slug":"proposta-de-rui-para-sucessao-na-bahia-preve-eleicao-indireta-para-governador","status":"publish","type":"post","link":"https:\/\/www.sudoestehoje.com.br\/novoportal\/2022\/02\/16\/proposta-de-rui-para-sucessao-na-bahia-preve-eleicao-indireta-para-governador\/","title":{"rendered":"PROPOSTA DE RUI PARA SUCESS\u00c3O NA BAHIA PREV\u00ca ELEI\u00c7\u00c3O INDIRETA PARA GOVERNADOR"},"content":{"rendered":"<p><a href=\"https:\/\/www.sudoestehoje.com.br\/novoportal\/wp-content\/uploads\/2022\/02\/w3-1140x640-1.jpg\"><img loading=\"lazy\" decoding=\"async\" class=\"aligncenter size-medium wp-image-100381\" src=\"https:\/\/www.sudoestehoje.com.br\/novoportal\/wp-content\/uploads\/2022\/02\/w3-1140x640-1-500x281.jpg\" alt=\"\" width=\"500\" height=\"281\" srcset=\"https:\/\/www.sudoestehoje.com.br\/novoportal\/wp-content\/uploads\/2022\/02\/w3-1140x640-1-500x281.jpg 500w, https:\/\/www.sudoestehoje.com.br\/novoportal\/wp-content\/uploads\/2022\/02\/w3-1140x640-1-700x393.jpg 700w, https:\/\/www.sudoestehoje.com.br\/novoportal\/wp-content\/uploads\/2022\/02\/w3-1140x640-1-768x431.jpg 768w, https:\/\/www.sudoestehoje.com.br\/novoportal\/wp-content\/uploads\/2022\/02\/w3-1140x640-1.jpg 1140w\" sizes=\"auto, (max-width: 500px) 100vw, 500px\" \/><\/a><\/p>\n<p>O colunista Lauro Jardim, de\u00a0<em>O Globo,\u00a0<\/em>publicou nesta quarta-feira (16) que o governador da Bahia, Rui Costa (PT), botou \u201cna mesa\u201d, em reuni\u00e3o com Lula, uma proposta para tentar alinhar os interesses eleitorais de todos os seus aliados para as elei\u00e7\u00f5es ao Senado e ao governo da Bahia.<\/p>\n<p>A proposta visa tamb\u00e9m a manter sua base, que inclui o PP e o PSD, apoiando Lula na Bahia. Assim, de acordo com o colunista, Rui prop\u00f4s aos aliados o seguinte:<\/p>\n<p>Ele e o seu vice Jo\u00e3o Le\u00e3o, do PP, renunciariam ao governo em 2 de abril. Ambos sairiam candidatos ao Senado: Rui como titular e Le\u00e3o como suplente. Pela proposta de Rui Costa, se Lula ganhar em outubro, ele seria nomeado ministro e, assim, abriria a vaga de senador para o suplente, Jo\u00e3o Le\u00e3o.<\/p>\n<p>O atual senador Otto Alencar, do PSD, viraria governador para completar o mandato de Rui e seria o candidato \u00e0 reelei\u00e7\u00e3o. Para Otto chegar ao governo, o sucessor natural de Rui e Le\u00e3o, ou seja, o presidente da Assembleia Legislativa, Adolfo Menezes, teria que renunciar, o que levaria o presidente do TJ da Bahia ao cargo interinamente \u2014 at\u00e9 que a Assembleia Legislativa elegesse por via indireta Otto Alencar para o cargo.<\/p>\n<p>Dessa forma, ainda de acordo com Lauro Jardim, o senador Jaques Wagner n\u00e3o seria candidato a nada. Ele tentaria ser ministro de Lula, caso este ven\u00e7a a elei\u00e7\u00e3o presidencial.<\/p>\n<p>S\u00f3 faltou combinar com os russos, como diria Man\u00e9 Garrincha&#8230;<\/p>\n","protected":false},"excerpt":{"rendered":"<p>O colunista Lauro Jardim, de\u00a0O Globo,\u00a0publicou nesta quarta-feira (16) que o governador da Bahia, Rui Costa (PT), botou \u201cna mesa\u201d, em reuni\u00e3o com Lula, uma proposta para tentar alinhar os interesses eleitorais de todos os seus aliados para as elei\u00e7\u00f5es ao Senado e ao governo da Bahia. A proposta visa tamb\u00e9m a manter sua base, [&hellip;]<\/p>\n","protected":false},"author":2,"featured_media":100381,"comment_status":"open","ping_status":"open","sticky":false,"template":"","format":"standard","meta":{"footnotes":"","_links_to":"","_links_to_target":""},"categories":[1],"tags":[],"class_list":["post-100379","post","type-post","status-publish","format-standard","has-post-thumbnail","hentry","category-geral"],"views":897,"_links":{"self":[{"href":"https:\/\/www.sudoestehoje.com.br\/novoportal\/wp-json\/wp\/v2\/posts\/100379","targetHints":{"allow":["GET"]}}],"collection":[{"href":"https:\/\/www.sudoestehoje.com.br\/novoportal\/wp-json\/wp\/v2\/posts"}],"about":[{"href":"https:\/\/www.sudoestehoje.com.br\/novoportal\/wp-json\/wp\/v2\/types\/post"}],"author":[{"embeddable":true,"href":"https:\/\/www.sudoestehoje.com.br\/novoportal\/wp-json\/wp\/v2\/users\/2"}],"replies":[{"embeddable":true,"href":"https:\/\/www.sudoestehoje.com.br\/novoportal\/wp-json\/wp\/v2\/comments?post=100379"}],"version-history":[{"count":4,"href":"https:\/\/www.sudoestehoje.com.br\/novoportal\/wp-json\/wp\/v2\/posts\/100379\/revisions"}],"predecessor-version":[{"id":100384,"href":"https:\/\/www.sudoestehoje.com.br\/novoportal\/wp-json\/wp\/v2\/posts\/100379\/revisions\/100384"}],"wp:featuredmedia":[{"embeddable":true,"href":"https:\/\/www.sudoestehoje.com.br\/novoportal\/wp-json\/wp\/v2\/media\/100381"}],"wp:attachment":[{"href":"https:\/\/www.sudoestehoje.com.br\/novoportal\/wp-json\/wp\/v2\/media?parent=100379"}],"wp:term":[{"taxonomy":"category","embeddable":true,"href":"https:\/\/www.sudoestehoje.com.br\/novoportal\/wp-json\/wp\/v2\/categories?post=100379"},{"taxonomy":"post_tag","embeddable":true,"href":"https:\/\/www.sudoestehoje.com.br\/novoportal\/wp-json\/wp\/v2\/tags?post=100379"}],"curies":[{"name":"wp","href":"https:\/\/api.w.org\/{rel}","templated":true}]}}