
{"id":100359,"date":"2022-02-16T00:50:02","date_gmt":"2022-02-16T03:50:02","guid":{"rendered":"https:\/\/www.sudoestehoje.com.br\/novoportal\/?p=100359"},"modified":"2022-02-16T00:50:02","modified_gmt":"2022-02-16T03:50:02","slug":"cavalgada-belas-e-brutas-uma-das-maiores-cavalgadas-femininas-da-regiao-movimenta-o-municipio-de-caatiba","status":"publish","type":"post","link":"https:\/\/www.sudoestehoje.com.br\/novoportal\/2022\/02\/16\/cavalgada-belas-e-brutas-uma-das-maiores-cavalgadas-femininas-da-regiao-movimenta-o-municipio-de-caatiba\/","title":{"rendered":"CAVALGADA BELAS E BRUTAS| UMA DAS MAIORES CAVALGADAS FEMININAS DA REGI\u00c3O MOVIMENTA O MUNIC\u00cdPIO DE CAATIBA"},"content":{"rendered":"<p><a href=\"https:\/\/www.sudoestehoje.com.br\/novoportal\/wp-content\/uploads\/2022\/02\/WhatsApp-Image-2022-02-16-at-00.44.01.jpeg\"><img loading=\"lazy\" decoding=\"async\" class=\"aligncenter size-medium wp-image-100369\" src=\"https:\/\/www.sudoestehoje.com.br\/novoportal\/wp-content\/uploads\/2022\/02\/WhatsApp-Image-2022-02-16-at-00.44.01-500x417.jpeg\" alt=\"\" width=\"500\" height=\"417\" srcset=\"https:\/\/www.sudoestehoje.com.br\/novoportal\/wp-content\/uploads\/2022\/02\/WhatsApp-Image-2022-02-16-at-00.44.01-500x417.jpeg 500w, https:\/\/www.sudoestehoje.com.br\/novoportal\/wp-content\/uploads\/2022\/02\/WhatsApp-Image-2022-02-16-at-00.44.01-700x584.jpeg 700w, https:\/\/www.sudoestehoje.com.br\/novoportal\/wp-content\/uploads\/2022\/02\/WhatsApp-Image-2022-02-16-at-00.44.01-768x641.jpeg 768w, https:\/\/www.sudoestehoje.com.br\/novoportal\/wp-content\/uploads\/2022\/02\/WhatsApp-Image-2022-02-16-at-00.44.01.jpeg 1280w\" sizes=\"auto, (max-width: 500px) 100vw, 500px\" \/><\/a><\/p>\n<p>No \u00faltimo dia (06), aconteceu em Caatiba uma das maiores cavalgadas femininas da regi\u00e3o. O nome Belas e Brutas j\u00e1 faz refer\u00eancia a um dos movimentos de Cavalgada mais tradicionais no munic\u00edpio e que vem trazendo a cada ano mais adeptas.<\/p>\n<p><a href=\"https:\/\/www.sudoestehoje.com.br\/novoportal\/wp-content\/uploads\/2022\/02\/Cavalgada-Belas-Brutas-34.jpg\"><img loading=\"lazy\" decoding=\"async\" class=\"aligncenter size-medium wp-image-100366\" src=\"https:\/\/www.sudoestehoje.com.br\/novoportal\/wp-content\/uploads\/2022\/02\/Cavalgada-Belas-Brutas-34-500x333.jpg\" alt=\"\" width=\"500\" height=\"333\" srcset=\"https:\/\/www.sudoestehoje.com.br\/novoportal\/wp-content\/uploads\/2022\/02\/Cavalgada-Belas-Brutas-34-500x333.jpg 500w, https:\/\/www.sudoestehoje.com.br\/novoportal\/wp-content\/uploads\/2022\/02\/Cavalgada-Belas-Brutas-34-700x467.jpg 700w, https:\/\/www.sudoestehoje.com.br\/novoportal\/wp-content\/uploads\/2022\/02\/Cavalgada-Belas-Brutas-34-768x512.jpg 768w, https:\/\/www.sudoestehoje.com.br\/novoportal\/wp-content\/uploads\/2022\/02\/Cavalgada-Belas-Brutas-34-1536x1024.jpg 1536w, https:\/\/www.sudoestehoje.com.br\/novoportal\/wp-content\/uploads\/2022\/02\/Cavalgada-Belas-Brutas-34-2048x1365.jpg 2048w\" sizes=\"auto, (max-width: 500px) 100vw, 500px\" \/><\/a><\/p>\n<p>Nesta edi\u00e7\u00e3o, 250 mulheres sa\u00edram da cidade para se concentrarem na fazenda Casa Nova onde as amazonas permaneceram at\u00e9 o final do dia, tendo grandes momentos de divers\u00e3o com show ao vivo da banda Coladinho A2, da cantora Bianca Andrade e de som automotivo (pared\u00e3o), tendo ainda anima\u00e7\u00e3o do locutor de cavalgada Rick Bahia. Foi um espet\u00e1culo de divers\u00e3o misturado com elementos tradicionais do esporte (Cavalgada).<\/p>\n<p><a href=\"https:\/\/www.sudoestehoje.com.br\/novoportal\/wp-content\/uploads\/2022\/02\/Cavalgada-Belas-Brutas-10.jpg\"><img loading=\"lazy\" decoding=\"async\" class=\"aligncenter size-medium wp-image-100361\" src=\"https:\/\/www.sudoestehoje.com.br\/novoportal\/wp-content\/uploads\/2022\/02\/Cavalgada-Belas-Brutas-10-500x333.jpg\" alt=\"\" width=\"500\" height=\"333\" srcset=\"https:\/\/www.sudoestehoje.com.br\/novoportal\/wp-content\/uploads\/2022\/02\/Cavalgada-Belas-Brutas-10-500x333.jpg 500w, https:\/\/www.sudoestehoje.com.br\/novoportal\/wp-content\/uploads\/2022\/02\/Cavalgada-Belas-Brutas-10-700x467.jpg 700w, https:\/\/www.sudoestehoje.com.br\/novoportal\/wp-content\/uploads\/2022\/02\/Cavalgada-Belas-Brutas-10-768x512.jpg 768w, https:\/\/www.sudoestehoje.com.br\/novoportal\/wp-content\/uploads\/2022\/02\/Cavalgada-Belas-Brutas-10-1536x1024.jpg 1536w, https:\/\/www.sudoestehoje.com.br\/novoportal\/wp-content\/uploads\/2022\/02\/Cavalgada-Belas-Brutas-10-2048x1365.jpg 2048w\" sizes=\"auto, (max-width: 500px) 100vw, 500px\" \/><\/a><\/p>\n<p>A Cavalgada Feminina Belas e Brutas lideradas por Ariana Tavares, Luma de Oliveira e Helen Lima movimentou o munic\u00edpio de Caatiba durante todo o domingo, dando lucratividade ao com\u00e9rcio local e trazendo entretenimento para a comunidade.<\/p>\n<p><a href=\"https:\/\/www.sudoestehoje.com.br\/novoportal\/wp-content\/uploads\/2022\/02\/WhatsApp-Image-2022-02-16-at-00.47.34.jpeg\"><img loading=\"lazy\" decoding=\"async\" class=\"aligncenter size-medium wp-image-100370\" src=\"https:\/\/www.sudoestehoje.com.br\/novoportal\/wp-content\/uploads\/2022\/02\/WhatsApp-Image-2022-02-16-at-00.47.34-500x345.jpeg\" alt=\"\" width=\"500\" height=\"345\" srcset=\"https:\/\/www.sudoestehoje.com.br\/novoportal\/wp-content\/uploads\/2022\/02\/WhatsApp-Image-2022-02-16-at-00.47.34-500x345.jpeg 500w, https:\/\/www.sudoestehoje.com.br\/novoportal\/wp-content\/uploads\/2022\/02\/WhatsApp-Image-2022-02-16-at-00.47.34-700x483.jpeg 700w, https:\/\/www.sudoestehoje.com.br\/novoportal\/wp-content\/uploads\/2022\/02\/WhatsApp-Image-2022-02-16-at-00.47.34-768x530.jpeg 768w, https:\/\/www.sudoestehoje.com.br\/novoportal\/wp-content\/uploads\/2022\/02\/WhatsApp-Image-2022-02-16-at-00.47.34.jpeg 1280w\" sizes=\"auto, (max-width: 500px) 100vw, 500px\" \/><\/a><\/p>\n<p>Empunhadas das bandeiras da comitiva das Belas e Brutas e as bandeiras do munic\u00edpio de Caatiba e da Bahia, a tropa feminina retornou \u00e0 cidade no in\u00edcio da noite perfiladas em seus cavalos, chamando a aten\u00e7\u00e3o pela beleza e organiza\u00e7\u00e3o da tropa, mostrando o empoderamento feminino e ousadia de fazer desta cavalgada um dos eventos mais comentados e aplaudidos da regi\u00e3o e nesta edi\u00e7\u00e3o de 2022 n\u00e3o deixa d\u00favidas de que o evento tornou-se uma das maiores cavalgadas femininas do m\u00e9dio sudoeste.<\/p>\n\n\t\t<style type=\"text\/css\">\n\t\t\t#gallery-1 {\n\t\t\t\tmargin: auto;\n\t\t\t}\n\t\t\t#gallery-1 .gallery-item {\n\t\t\t\tfloat: left;\n\t\t\t\tmargin-top: 10px;\n\t\t\t\ttext-align: center;\n\t\t\t\twidth: 33%;\n\t\t\t}\n\t\t\t#gallery-1 img {\n\t\t\t\tborder: 2px solid #cfcfcf;\n\t\t\t}\n\t\t\t#gallery-1 .gallery-caption {\n\t\t\t\tmargin-left: 0;\n\t\t\t}\n\t\t\t\/* see gallery_shortcode() in wp-includes\/media.php *\/\n\t\t<\/style>\n\t\t<div id='gallery-1' class='gallery galleryid-100359 gallery-columns-3 gallery-size-thumbnail'><dl class='gallery-item'>\n\t\t\t<dt class='gallery-icon portrait'>\n\t\t\t\t<a href='https:\/\/www.sudoestehoje.com.br\/novoportal\/2022\/02\/16\/cavalgada-belas-e-brutas-uma-das-maiores-cavalgadas-femininas-da-regiao-movimenta-o-municipio-de-caatiba\/cavalgada-belas-brutas-05\/'><img loading=\"lazy\" decoding=\"async\" width=\"150\" height=\"150\" src=\"https:\/\/www.sudoestehoje.com.br\/novoportal\/wp-content\/uploads\/2022\/02\/Cavalgada-Belas-Brutas-05-150x150.jpg\" class=\"attachment-thumbnail size-thumbnail\" alt=\"\" \/><\/a>\n\t\t\t<\/dt><\/dl><dl class='gallery-item'>\n\t\t\t<dt class='gallery-icon landscape'>\n\t\t\t\t<a href='https:\/\/www.sudoestehoje.com.br\/novoportal\/2022\/02\/16\/cavalgada-belas-e-brutas-uma-das-maiores-cavalgadas-femininas-da-regiao-movimenta-o-municipio-de-caatiba\/cavalgada-belas-brutas-27\/'><img loading=\"lazy\" decoding=\"async\" width=\"150\" height=\"150\" src=\"https:\/\/www.sudoestehoje.com.br\/novoportal\/wp-content\/uploads\/2022\/02\/Cavalgada-Belas-Brutas-27-150x150.jpg\" class=\"attachment-thumbnail size-thumbnail\" alt=\"\" \/><\/a>\n\t\t\t<\/dt><\/dl><dl class='gallery-item'>\n\t\t\t<dt class='gallery-icon portrait'>\n\t\t\t\t<a href='https:\/\/www.sudoestehoje.com.br\/novoportal\/2022\/02\/16\/cavalgada-belas-e-brutas-uma-das-maiores-cavalgadas-femininas-da-regiao-movimenta-o-municipio-de-caatiba\/cavalgada-belas-brutas-59\/'><img loading=\"lazy\" decoding=\"async\" width=\"150\" height=\"150\" src=\"https:\/\/www.sudoestehoje.com.br\/novoportal\/wp-content\/uploads\/2022\/02\/Cavalgada-Belas-Brutas-59-150x150.jpg\" class=\"attachment-thumbnail size-thumbnail\" alt=\"\" \/><\/a>\n\t\t\t<\/dt><\/dl><br style=\"clear: both\" \/><dl class='gallery-item'>\n\t\t\t<dt class='gallery-icon landscape'>\n\t\t\t\t<a href='https:\/\/www.sudoestehoje.com.br\/novoportal\/2022\/02\/16\/cavalgada-belas-e-brutas-uma-das-maiores-cavalgadas-femininas-da-regiao-movimenta-o-municipio-de-caatiba\/cavalgada-belas-brutas-56\/'><img loading=\"lazy\" decoding=\"async\" width=\"150\" height=\"150\" src=\"https:\/\/www.sudoestehoje.com.br\/novoportal\/wp-content\/uploads\/2022\/02\/Cavalgada-Belas-Brutas-56-150x150.jpg\" class=\"attachment-thumbnail size-thumbnail\" alt=\"\" \/><\/a>\n\t\t\t<\/dt><\/dl><dl class='gallery-item'>\n\t\t\t<dt class='gallery-icon portrait'>\n\t\t\t\t<a href='https:\/\/www.sudoestehoje.com.br\/novoportal\/2022\/02\/16\/cavalgada-belas-e-brutas-uma-das-maiores-cavalgadas-femininas-da-regiao-movimenta-o-municipio-de-caatiba\/cavalgada-belas-brutas-06\/'><img loading=\"lazy\" decoding=\"async\" width=\"150\" height=\"150\" src=\"https:\/\/www.sudoestehoje.com.br\/novoportal\/wp-content\/uploads\/2022\/02\/Cavalgada-Belas-Brutas-06-150x150.jpg\" class=\"attachment-thumbnail size-thumbnail\" alt=\"\" \/><\/a>\n\t\t\t<\/dt><\/dl><dl class='gallery-item'>\n\t\t\t<dt class='gallery-icon portrait'>\n\t\t\t\t<a href='https:\/\/www.sudoestehoje.com.br\/novoportal\/2022\/02\/16\/cavalgada-belas-e-brutas-uma-das-maiores-cavalgadas-femininas-da-regiao-movimenta-o-municipio-de-caatiba\/cavalgada-belas-brutas-07\/'><img loading=\"lazy\" decoding=\"async\" width=\"150\" height=\"150\" src=\"https:\/\/www.sudoestehoje.com.br\/novoportal\/wp-content\/uploads\/2022\/02\/Cavalgada-Belas-Brutas-07-150x150.jpg\" class=\"attachment-thumbnail size-thumbnail\" alt=\"\" \/><\/a>\n\t\t\t<\/dt><\/dl><br style=\"clear: both\" \/>\n\t\t<\/div>\n\n<p><em>Reda\u00e7\u00e3o<\/em><\/p>\n","protected":false},"excerpt":{"rendered":"<p>No \u00faltimo dia (06), aconteceu em Caatiba uma das maiores cavalgadas femininas da regi\u00e3o. O nome Belas e Brutas j\u00e1 faz refer\u00eancia a um dos movimentos de Cavalgada mais tradicionais no munic\u00edpio e que vem trazendo a cada ano mais adeptas. Nesta edi\u00e7\u00e3o, 250 mulheres sa\u00edram da cidade para se concentrarem na fazenda Casa Nova [&hellip;]<\/p>\n","protected":false},"author":2,"featured_media":100369,"comment_status":"open","ping_status":"open","sticky":false,"template":"","format":"standard","meta":{"footnotes":"","_links_to":"","_links_to_target":""},"categories":[1],"tags":[],"class_list":["post-100359","post","type-post","status-publish","format-standard","has-post-thumbnail","hentry","category-geral"],"views":2524,"_links":{"self":[{"href":"https:\/\/www.sudoestehoje.com.br\/novoportal\/wp-json\/wp\/v2\/posts\/100359","targetHints":{"allow":["GET"]}}],"collection":[{"href":"https:\/\/www.sudoestehoje.com.br\/novoportal\/wp-json\/wp\/v2\/posts"}],"about":[{"href":"https:\/\/www.sudoestehoje.com.br\/novoportal\/wp-json\/wp\/v2\/types\/post"}],"author":[{"embeddable":true,"href":"https:\/\/www.sudoestehoje.com.br\/novoportal\/wp-json\/wp\/v2\/users\/2"}],"replies":[{"embeddable":true,"href":"https:\/\/www.sudoestehoje.com.br\/novoportal\/wp-json\/wp\/v2\/comments?post=100359"}],"version-history":[{"count":2,"href":"https:\/\/www.sudoestehoje.com.br\/novoportal\/wp-json\/wp\/v2\/posts\/100359\/revisions"}],"predecessor-version":[{"id":100371,"href":"https:\/\/www.sudoestehoje.com.br\/novoportal\/wp-json\/wp\/v2\/posts\/100359\/revisions\/100371"}],"wp:featuredmedia":[{"embeddable":true,"href":"https:\/\/www.sudoestehoje.com.br\/novoportal\/wp-json\/wp\/v2\/media\/100369"}],"wp:attachment":[{"href":"https:\/\/www.sudoestehoje.com.br\/novoportal\/wp-json\/wp\/v2\/media?parent=100359"}],"wp:term":[{"taxonomy":"category","embeddable":true,"href":"https:\/\/www.sudoestehoje.com.br\/novoportal\/wp-json\/wp\/v2\/categories?post=100359"},{"taxonomy":"post_tag","embeddable":true,"href":"https:\/\/www.sudoestehoje.com.br\/novoportal\/wp-json\/wp\/v2\/tags?post=100359"}],"curies":[{"name":"wp","href":"https:\/\/api.w.org\/{rel}","templated":true}]}}