
{"id":100347,"date":"2022-02-15T19:17:31","date_gmt":"2022-02-15T22:17:31","guid":{"rendered":"https:\/\/www.sudoestehoje.com.br\/novoportal\/?p=100347"},"modified":"2022-02-15T19:22:34","modified_gmt":"2022-02-15T22:22:34","slug":"eleicoes-bahia-wagner-nega-desistencia-apos-reuniao-com-lula-em-sao-paulo","status":"publish","type":"post","link":"https:\/\/www.sudoestehoje.com.br\/novoportal\/2022\/02\/15\/eleicoes-bahia-wagner-nega-desistencia-apos-reuniao-com-lula-em-sao-paulo\/","title":{"rendered":"ELEI\u00c7\u00d5ES BAHIA| WAGNER NEGA DESIST\u00caNCIA AP\u00d3S REUNI\u00c3O COM LULA EM S\u00c3O PAULO"},"content":{"rendered":"<p><a href=\"https:\/\/www.sudoestehoje.com.br\/novoportal\/wp-content\/uploads\/2022\/02\/ottoleaowagner.jpg\"><img loading=\"lazy\" decoding=\"async\" class=\"aligncenter size-medium wp-image-100348\" src=\"https:\/\/www.sudoestehoje.com.br\/novoportal\/wp-content\/uploads\/2022\/02\/ottoleaowagner-500x362.jpg\" alt=\"\" width=\"500\" height=\"362\" srcset=\"https:\/\/www.sudoestehoje.com.br\/novoportal\/wp-content\/uploads\/2022\/02\/ottoleaowagner-500x362.jpg 500w, https:\/\/www.sudoestehoje.com.br\/novoportal\/wp-content\/uploads\/2022\/02\/ottoleaowagner.jpg 523w\" sizes=\"auto, (max-width: 500px) 100vw, 500px\" \/><\/a><\/p>\n<p style=\"font-weight: 400;\">O senador Jaques Wagner (PT) manteve a pr\u00e9-candidatura ao governo da Bahia, mesmo ap\u00f3s sinaliza\u00e7\u00f5es de que o nome do bloco pol\u00edtico para o cargo seria do senador Otto Alencar (PSD) (<a href=\"https:\/\/www.bahianoticias.com.br\/noticia\/266135-rui-decidiu-ser-candidato-a-senador-e-obrigou-aliados-a-se-adaptarem-otto-tentara-governo.html\">veja mais<\/a>). Em postagem nas redes sociais nesta ter\u00e7a-feira (15), Wagner comentou que o &#8220;objetivo \u00e9 fortalecer a unidade do grupo para ganharmos mais uma vez na Bahia e com Lula&#8221;.<\/p>\n<p style=\"font-weight: 400;\">&#8220;O quadro continua o mesmo, com minha pr\u00e9-candidatura ao Governo e o desejo de Otto e [Jo\u00e3o] Le\u00e3o de disputarem o Senado. Pol\u00edtica \u00e9 assim: se conversa muito at\u00e9 se chegar a um consenso&#8221;, pontuou o senador. Apesar disso, o vice-governador Jo\u00e3o Le\u00e3o tem afirmado que seu desejo seria de assumir a cabe\u00e7a da chapa.<\/p>\n<p style=\"font-weight: 400;\">Wagner sinalizou que a reuni\u00e3o com o ex-presidente Luiz In\u00e1cio Lula da Silva, o governador Rui Costa e Otto Alencar, na sede do Instituto Lula, em S\u00e3o Paulo (SP), tamb\u00e9m contou com a presen\u00e7a da presidente nacional petista, deputada Gleisi Hoffmann. &#8220;Tratamos do quadro eleitoral no Brasil e na Bahia. Nada melhor do que dialogar sobre isso com o grande maestro da pol\u00edtica nacional&#8221;, finalizou. \/\/BN<\/p>\n","protected":false},"excerpt":{"rendered":"<p>O senador Jaques Wagner (PT) manteve a pr\u00e9-candidatura ao governo da Bahia, mesmo ap\u00f3s sinaliza\u00e7\u00f5es de que o nome do bloco pol\u00edtico para o cargo seria do senador Otto Alencar (PSD) (veja mais). Em postagem nas redes sociais nesta ter\u00e7a-feira (15), Wagner comentou que o &#8220;objetivo \u00e9 fortalecer a unidade do grupo para ganharmos mais [&hellip;]<\/p>\n","protected":false},"author":2,"featured_media":100348,"comment_status":"open","ping_status":"open","sticky":false,"template":"","format":"standard","meta":{"footnotes":"","_links_to":"","_links_to_target":""},"categories":[1],"tags":[],"class_list":["post-100347","post","type-post","status-publish","format-standard","has-post-thumbnail","hentry","category-geral"],"views":1081,"_links":{"self":[{"href":"https:\/\/www.sudoestehoje.com.br\/novoportal\/wp-json\/wp\/v2\/posts\/100347","targetHints":{"allow":["GET"]}}],"collection":[{"href":"https:\/\/www.sudoestehoje.com.br\/novoportal\/wp-json\/wp\/v2\/posts"}],"about":[{"href":"https:\/\/www.sudoestehoje.com.br\/novoportal\/wp-json\/wp\/v2\/types\/post"}],"author":[{"embeddable":true,"href":"https:\/\/www.sudoestehoje.com.br\/novoportal\/wp-json\/wp\/v2\/users\/2"}],"replies":[{"embeddable":true,"href":"https:\/\/www.sudoestehoje.com.br\/novoportal\/wp-json\/wp\/v2\/comments?post=100347"}],"version-history":[{"count":4,"href":"https:\/\/www.sudoestehoje.com.br\/novoportal\/wp-json\/wp\/v2\/posts\/100347\/revisions"}],"predecessor-version":[{"id":100352,"href":"https:\/\/www.sudoestehoje.com.br\/novoportal\/wp-json\/wp\/v2\/posts\/100347\/revisions\/100352"}],"wp:featuredmedia":[{"embeddable":true,"href":"https:\/\/www.sudoestehoje.com.br\/novoportal\/wp-json\/wp\/v2\/media\/100348"}],"wp:attachment":[{"href":"https:\/\/www.sudoestehoje.com.br\/novoportal\/wp-json\/wp\/v2\/media?parent=100347"}],"wp:term":[{"taxonomy":"category","embeddable":true,"href":"https:\/\/www.sudoestehoje.com.br\/novoportal\/wp-json\/wp\/v2\/categories?post=100347"},{"taxonomy":"post_tag","embeddable":true,"href":"https:\/\/www.sudoestehoje.com.br\/novoportal\/wp-json\/wp\/v2\/tags?post=100347"}],"curies":[{"name":"wp","href":"https:\/\/api.w.org\/{rel}","templated":true}]}}