
{"id":100341,"date":"2022-02-15T18:01:36","date_gmt":"2022-02-15T21:01:36","guid":{"rendered":"https:\/\/www.sudoestehoje.com.br\/novoportal\/?p=100341"},"modified":"2022-02-15T18:17:22","modified_gmt":"2022-02-15T21:17:22","slug":"reviravolta-otto-sai-para-governador-e-rui-disputa-senado-define-lula","status":"publish","type":"post","link":"https:\/\/www.sudoestehoje.com.br\/novoportal\/2022\/02\/15\/reviravolta-otto-sai-para-governador-e-rui-disputa-senado-define-lula\/","title":{"rendered":"REVIRAVOLTA| OTTO SAI PARA GOVERNADOR E RUI DISPUTA SENADO, DEFINE LULA"},"content":{"rendered":"<p><a href=\"https:\/\/www.sudoestehoje.com.br\/novoportal\/wp-content\/uploads\/2022\/02\/0111.jpg\"><img loading=\"lazy\" decoding=\"async\" class=\"aligncenter size-medium wp-image-100345\" src=\"https:\/\/www.sudoestehoje.com.br\/novoportal\/wp-content\/uploads\/2022\/02\/0111-500x325.jpg\" alt=\"\" width=\"500\" height=\"325\" srcset=\"https:\/\/www.sudoestehoje.com.br\/novoportal\/wp-content\/uploads\/2022\/02\/0111-500x325.jpg 500w, https:\/\/www.sudoestehoje.com.br\/novoportal\/wp-content\/uploads\/2022\/02\/0111-700x455.jpg 700w, https:\/\/www.sudoestehoje.com.br\/novoportal\/wp-content\/uploads\/2022\/02\/0111.jpg 755w\" sizes=\"auto, (max-width: 500px) 100vw, 500px\" \/><\/a><\/p>\n<p>Em um encontro, nesta ter\u00e7a-feira (15), entre o ex-presidente Luiz In\u00e1cio Lula da Silva, o governador Rui Costa e o senador Jaques Wagner ainda n\u00e3o foi encerrado (<a href=\"https:\/\/www.bahianoticias.com.br\/noticia\/266118-lula-convoca-rui-e-wagner-para-discutir-majoritaria-na-ba-governador-quer-ser-senador.html\" target=\"_blank\" rel=\"noopener noreferrer\">lembre aqui<\/a>), por\u00e9m os caminhos para a chapa majorit\u00e1ria do grupo parecem ter sido resolvidos de maneira unilateral ao longo dos \u00faltimos dias. Rui definiu que seria candidato ao Senado e obrigou os aliados a se adaptarem para n\u00e3o ruir o trip\u00e9 formado entre PT, PSD e PP na Bahia. Com a decis\u00e3o do governador, o senador Otto Alencar (PSD), que seria candidato \u00e0 reelei\u00e7\u00e3o, seria deslocado para a candidatura ao Pal\u00e1cio de Ondina.<\/p>\n<p><strong>RUI QUER PORQUE QUER O SENADO<\/strong><\/p>\n<p>De acordo com informa\u00e7\u00f5es obtidas pelo Bahia Not\u00edcias, coube apenas a Rui a decis\u00e3o de ser candidato ao Senado, sem sequer ouvir aliados. A situa\u00e7\u00e3o gerou desconforto e houve um esfor\u00e7o para encontrar um denominador comum entre Wagner e Otto, que s\u00e3o aliados desde 2010 &#8211; o segundo mandato do petista teve o social-democrata como vice. Ap\u00f3s um di\u00e1logo demorado, Wagner indicou que abriria espa\u00e7o para que Otto fosse ent\u00e3o candidato ao governo &#8211; ainda que o desejo inicial do senador fosse permanecer no cargo.<\/p>\n<p><strong>JO\u00c3O LE\u00c3O ASSUME O GOVERNO EM ABRIL<\/strong><\/p>\n<p>O arranjo contemplaria apenas PT e PSD, restando a vaga de vice para uma defini\u00e7\u00e3o at\u00e9 o come\u00e7o de abril, prazo final para desincompatibiliza\u00e7\u00f5es. O Progressistas, de Jo\u00e3o Le\u00e3o, herdaria um mandato tamp\u00e3o de 9 meses e, conforme avalia\u00e7\u00e3o de lideran\u00e7as da esquerda, perderia a prefer\u00eancia por continuar na chapa. Esse entrave deve ser solucionado apenas ao longo das pr\u00f3ximas semanas.<\/p>\n<p><strong>WAGNER N\u00c3O ENTRA NA DISPUTA<\/strong><\/p>\n<p>Caso confirmado a rearruma\u00e7\u00e3o do grupo pol\u00edtico para a elei\u00e7\u00e3o de 2022, Wagner permaneceria como senador, assumiria parte da articula\u00e7\u00e3o pol\u00edtica na campanha de Lula na Bahia e tentaria fazer as conex\u00f5es entre o projeto de eleger Otto ao programa petista nacional. At\u00e9 aqui, toda a estrat\u00e9gia do PT e da pr\u00f3pria esquerda baiana foi refor\u00e7ar a jun\u00e7\u00e3o entre Wagner e Lula, tal qual aconteceu em 2006 e resultou na \u201conda vermelha\u201d, que derrotou o carlismo na Bahia.<\/p>\n","protected":false},"excerpt":{"rendered":"<p>Em um encontro, nesta ter\u00e7a-feira (15), entre o ex-presidente Luiz In\u00e1cio Lula da Silva, o governador Rui Costa e o senador Jaques Wagner ainda n\u00e3o foi encerrado (lembre aqui), por\u00e9m os caminhos para a chapa majorit\u00e1ria do grupo parecem ter sido resolvidos de maneira unilateral ao longo dos \u00faltimos dias. Rui definiu que seria candidato [&hellip;]<\/p>\n","protected":false},"author":2,"featured_media":100345,"comment_status":"open","ping_status":"open","sticky":false,"template":"","format":"standard","meta":{"footnotes":"","_links_to":"","_links_to_target":""},"categories":[1],"tags":[],"class_list":["post-100341","post","type-post","status-publish","format-standard","has-post-thumbnail","hentry","category-geral"],"views":945,"_links":{"self":[{"href":"https:\/\/www.sudoestehoje.com.br\/novoportal\/wp-json\/wp\/v2\/posts\/100341","targetHints":{"allow":["GET"]}}],"collection":[{"href":"https:\/\/www.sudoestehoje.com.br\/novoportal\/wp-json\/wp\/v2\/posts"}],"about":[{"href":"https:\/\/www.sudoestehoje.com.br\/novoportal\/wp-json\/wp\/v2\/types\/post"}],"author":[{"embeddable":true,"href":"https:\/\/www.sudoestehoje.com.br\/novoportal\/wp-json\/wp\/v2\/users\/2"}],"replies":[{"embeddable":true,"href":"https:\/\/www.sudoestehoje.com.br\/novoportal\/wp-json\/wp\/v2\/comments?post=100341"}],"version-history":[{"count":3,"href":"https:\/\/www.sudoestehoje.com.br\/novoportal\/wp-json\/wp\/v2\/posts\/100341\/revisions"}],"predecessor-version":[{"id":100346,"href":"https:\/\/www.sudoestehoje.com.br\/novoportal\/wp-json\/wp\/v2\/posts\/100341\/revisions\/100346"}],"wp:featuredmedia":[{"embeddable":true,"href":"https:\/\/www.sudoestehoje.com.br\/novoportal\/wp-json\/wp\/v2\/media\/100345"}],"wp:attachment":[{"href":"https:\/\/www.sudoestehoje.com.br\/novoportal\/wp-json\/wp\/v2\/media?parent=100341"}],"wp:term":[{"taxonomy":"category","embeddable":true,"href":"https:\/\/www.sudoestehoje.com.br\/novoportal\/wp-json\/wp\/v2\/categories?post=100341"},{"taxonomy":"post_tag","embeddable":true,"href":"https:\/\/www.sudoestehoje.com.br\/novoportal\/wp-json\/wp\/v2\/tags?post=100341"}],"curies":[{"name":"wp","href":"https:\/\/api.w.org\/{rel}","templated":true}]}}