
{"id":100291,"date":"2022-02-12T19:02:32","date_gmt":"2022-02-12T22:02:32","guid":{"rendered":"https:\/\/www.sudoestehoje.com.br\/novoportal\/?p=100291"},"modified":"2022-02-12T19:08:15","modified_gmt":"2022-02-12T22:08:15","slug":"itapetinga-sete-mortes-por-covid-19-foram-confirmadas-em-fevereiro-duas-hoje","status":"publish","type":"post","link":"https:\/\/www.sudoestehoje.com.br\/novoportal\/2022\/02\/12\/itapetinga-sete-mortes-por-covid-19-foram-confirmadas-em-fevereiro-duas-hoje\/","title":{"rendered":"ITAPETINGA: SETE MORTES POR COVID-19 FORAM CONFIRMADAS EM FEVEREIRO; MAIS DUAS HOJE"},"content":{"rendered":"<p><a href=\"https:\/\/www.sudoestehoje.com.br\/novoportal\/wp-content\/uploads\/2022\/02\/WhatsApp-Image-2022-02-12-at-19.00.17.jpeg\"><img loading=\"lazy\" decoding=\"async\" class=\"aligncenter size-medium wp-image-100297\" src=\"https:\/\/www.sudoestehoje.com.br\/novoportal\/wp-content\/uploads\/2022\/02\/WhatsApp-Image-2022-02-12-at-19.00.17-500x332.jpeg\" alt=\"\" width=\"500\" height=\"332\" srcset=\"https:\/\/www.sudoestehoje.com.br\/novoportal\/wp-content\/uploads\/2022\/02\/WhatsApp-Image-2022-02-12-at-19.00.17-500x332.jpeg 500w, https:\/\/www.sudoestehoje.com.br\/novoportal\/wp-content\/uploads\/2022\/02\/WhatsApp-Image-2022-02-12-at-19.00.17-700x465.jpeg 700w, https:\/\/www.sudoestehoje.com.br\/novoportal\/wp-content\/uploads\/2022\/02\/WhatsApp-Image-2022-02-12-at-19.00.17-768x510.jpeg 768w, https:\/\/www.sudoestehoje.com.br\/novoportal\/wp-content\/uploads\/2022\/02\/WhatsApp-Image-2022-02-12-at-19.00.17.jpeg 1049w\" sizes=\"auto, (max-width: 500px) 100vw, 500px\" \/><\/a><\/p>\n<p>O n\u00famero de mortes por Covid-19 vem aumentando assustadoramente em Itapetinga, segundo dados divulgados pela Secretaria Municipal de Sa\u00fade, acendendo o alerta vermelho para a popula\u00e7\u00e3o, que continua ignorando a doen\u00e7a, que em muitos casos pode ser fatal.<\/p>\n<p>Ontem e hoje (sexta e s\u00e1bado), ocorreram 4 \u00f3bitos na cidade, mas h\u00e1 informa\u00e7\u00f5es de que muitos outros casos devem ser notificados \u00e0 Sesab e divulgados nos pr\u00f3ximos boletins da prefeitura.<\/p>\n<p>O momento \u00e9 de alerta total, mas tem muita gente agindo como se a pandemia j\u00e1 tenha acabado, quando na verdade ela est\u00e1 no n\u00edvel mais elevado desde fevereiro de 2020, quando eclodiu em todo o mundo.<\/p>\n<p>Todo cuidado \u00e9 pouco&#8230;<\/p>\n<p><em><strong>Por Davi Ferraz<\/strong><\/em><\/p>\n","protected":false},"excerpt":{"rendered":"<p>O n\u00famero de mortes por Covid-19 vem aumentando assustadoramente em Itapetinga, segundo dados divulgados pela Secretaria Municipal de Sa\u00fade, acendendo o alerta vermelho para a popula\u00e7\u00e3o, que continua ignorando a doen\u00e7a, que em muitos casos pode ser fatal. Ontem e hoje (sexta e s\u00e1bado), ocorreram 4 \u00f3bitos na cidade, mas h\u00e1 informa\u00e7\u00f5es de que muitos [&hellip;]<\/p>\n","protected":false},"author":2,"featured_media":100297,"comment_status":"open","ping_status":"open","sticky":false,"template":"","format":"standard","meta":{"footnotes":"","_links_to":"","_links_to_target":""},"categories":[1],"tags":[],"class_list":["post-100291","post","type-post","status-publish","format-standard","has-post-thumbnail","hentry","category-geral"],"views":1596,"_links":{"self":[{"href":"https:\/\/www.sudoestehoje.com.br\/novoportal\/wp-json\/wp\/v2\/posts\/100291","targetHints":{"allow":["GET"]}}],"collection":[{"href":"https:\/\/www.sudoestehoje.com.br\/novoportal\/wp-json\/wp\/v2\/posts"}],"about":[{"href":"https:\/\/www.sudoestehoje.com.br\/novoportal\/wp-json\/wp\/v2\/types\/post"}],"author":[{"embeddable":true,"href":"https:\/\/www.sudoestehoje.com.br\/novoportal\/wp-json\/wp\/v2\/users\/2"}],"replies":[{"embeddable":true,"href":"https:\/\/www.sudoestehoje.com.br\/novoportal\/wp-json\/wp\/v2\/comments?post=100291"}],"version-history":[{"count":6,"href":"https:\/\/www.sudoestehoje.com.br\/novoportal\/wp-json\/wp\/v2\/posts\/100291\/revisions"}],"predecessor-version":[{"id":100301,"href":"https:\/\/www.sudoestehoje.com.br\/novoportal\/wp-json\/wp\/v2\/posts\/100291\/revisions\/100301"}],"wp:featuredmedia":[{"embeddable":true,"href":"https:\/\/www.sudoestehoje.com.br\/novoportal\/wp-json\/wp\/v2\/media\/100297"}],"wp:attachment":[{"href":"https:\/\/www.sudoestehoje.com.br\/novoportal\/wp-json\/wp\/v2\/media?parent=100291"}],"wp:term":[{"taxonomy":"category","embeddable":true,"href":"https:\/\/www.sudoestehoje.com.br\/novoportal\/wp-json\/wp\/v2\/categories?post=100291"},{"taxonomy":"post_tag","embeddable":true,"href":"https:\/\/www.sudoestehoje.com.br\/novoportal\/wp-json\/wp\/v2\/tags?post=100291"}],"curies":[{"name":"wp","href":"https:\/\/api.w.org\/{rel}","templated":true}]}}