
{"id":100278,"date":"2022-02-11T22:13:40","date_gmt":"2022-02-12T01:13:40","guid":{"rendered":"https:\/\/www.sudoestehoje.com.br\/novoportal\/?p=100278"},"modified":"2022-02-11T22:13:40","modified_gmt":"2022-02-12T01:13:40","slug":"justica-manda-retirar-tornozeleira-eletronica-de-geddel","status":"publish","type":"post","link":"https:\/\/www.sudoestehoje.com.br\/novoportal\/2022\/02\/11\/justica-manda-retirar-tornozeleira-eletronica-de-geddel\/","title":{"rendered":"JUSTI\u00c7A MANDA RETIRAR TORNOZELEIRA ELETR\u00d4NICA DE GEDDEL"},"content":{"rendered":"<p><a href=\"https:\/\/www.sudoestehoje.com.br\/novoportal\/wp-content\/uploads\/2022\/02\/geddel-848x477-1.jpg\"><img loading=\"lazy\" decoding=\"async\" class=\"aligncenter size-medium wp-image-100280\" src=\"https:\/\/www.sudoestehoje.com.br\/novoportal\/wp-content\/uploads\/2022\/02\/geddel-848x477-1-500x281.jpg\" alt=\"\" width=\"500\" height=\"281\" srcset=\"https:\/\/www.sudoestehoje.com.br\/novoportal\/wp-content\/uploads\/2022\/02\/geddel-848x477-1-500x281.jpg 500w, https:\/\/www.sudoestehoje.com.br\/novoportal\/wp-content\/uploads\/2022\/02\/geddel-848x477-1-700x394.jpg 700w, https:\/\/www.sudoestehoje.com.br\/novoportal\/wp-content\/uploads\/2022\/02\/geddel-848x477-1-768x432.jpg 768w, https:\/\/www.sudoestehoje.com.br\/novoportal\/wp-content\/uploads\/2022\/02\/geddel-848x477-1.jpg 848w\" sizes=\"auto, (max-width: 500px) 100vw, 500px\" \/><\/a><\/p>\n<p>A 1\u00aa Vara de Execu\u00e7\u00f5es Penais de Salvador determinou, durante audi\u00eancia realizada nesta sexta-feira (11), a retirada da tornozeleira eletr\u00f4nica do ex-ministro Geddel Vieira Lima. A decis\u00e3o foi do juiz Almir Pereira.<\/p>\n<p>Na decis\u00e3o, o juiz afirma que n\u00e3o h\u00e1 nenhum penitente em livramento condicional no uso de tornozeleira eletr\u00f4nica neste ju\u00edzo e que \u201cn\u00e3o seria Geddel Quadros Vieira Lima o \u00fanico a usar o equipamento\u201d.<\/p>\n<p>\u201cAinda que o Supremo Tribunal Federal n\u00e3o tenha dito nada neste sentido, eu mando retirar a tornozeleira eletr\u00f4nica do penitente, agora em livramento condicional, por n\u00e3o ver raz\u00e3o para sua manuten\u00e7\u00e3o\u201d, complementou o juiz na decis\u00e3o.<\/p>\n","protected":false},"excerpt":{"rendered":"<p>A 1\u00aa Vara de Execu\u00e7\u00f5es Penais de Salvador determinou, durante audi\u00eancia realizada nesta sexta-feira (11), a retirada da tornozeleira eletr\u00f4nica do ex-ministro Geddel Vieira Lima. A decis\u00e3o foi do juiz Almir Pereira. Na decis\u00e3o, o juiz afirma que n\u00e3o h\u00e1 nenhum penitente em livramento condicional no uso de tornozeleira eletr\u00f4nica neste ju\u00edzo e que \u201cn\u00e3o [&hellip;]<\/p>\n","protected":false},"author":2,"featured_media":100280,"comment_status":"open","ping_status":"open","sticky":false,"template":"","format":"standard","meta":{"footnotes":"","_links_to":"","_links_to_target":""},"categories":[1],"tags":[],"class_list":["post-100278","post","type-post","status-publish","format-standard","has-post-thumbnail","hentry","category-geral"],"views":963,"_links":{"self":[{"href":"https:\/\/www.sudoestehoje.com.br\/novoportal\/wp-json\/wp\/v2\/posts\/100278","targetHints":{"allow":["GET"]}}],"collection":[{"href":"https:\/\/www.sudoestehoje.com.br\/novoportal\/wp-json\/wp\/v2\/posts"}],"about":[{"href":"https:\/\/www.sudoestehoje.com.br\/novoportal\/wp-json\/wp\/v2\/types\/post"}],"author":[{"embeddable":true,"href":"https:\/\/www.sudoestehoje.com.br\/novoportal\/wp-json\/wp\/v2\/users\/2"}],"replies":[{"embeddable":true,"href":"https:\/\/www.sudoestehoje.com.br\/novoportal\/wp-json\/wp\/v2\/comments?post=100278"}],"version-history":[{"count":2,"href":"https:\/\/www.sudoestehoje.com.br\/novoportal\/wp-json\/wp\/v2\/posts\/100278\/revisions"}],"predecessor-version":[{"id":100281,"href":"https:\/\/www.sudoestehoje.com.br\/novoportal\/wp-json\/wp\/v2\/posts\/100278\/revisions\/100281"}],"wp:featuredmedia":[{"embeddable":true,"href":"https:\/\/www.sudoestehoje.com.br\/novoportal\/wp-json\/wp\/v2\/media\/100280"}],"wp:attachment":[{"href":"https:\/\/www.sudoestehoje.com.br\/novoportal\/wp-json\/wp\/v2\/media?parent=100278"}],"wp:term":[{"taxonomy":"category","embeddable":true,"href":"https:\/\/www.sudoestehoje.com.br\/novoportal\/wp-json\/wp\/v2\/categories?post=100278"},{"taxonomy":"post_tag","embeddable":true,"href":"https:\/\/www.sudoestehoje.com.br\/novoportal\/wp-json\/wp\/v2\/tags?post=100278"}],"curies":[{"name":"wp","href":"https:\/\/api.w.org\/{rel}","templated":true}]}}