
{"id":100274,"date":"2022-02-11T20:39:35","date_gmt":"2022-02-11T23:39:35","guid":{"rendered":"https:\/\/www.sudoestehoje.com.br\/novoportal\/?p=100274"},"modified":"2022-02-12T19:19:12","modified_gmt":"2022-02-12T22:19:12","slug":"itapetinga-mais-2-mortes-por-covid-19-foram-registradas-nas-ultimas-24-horas","status":"publish","type":"post","link":"https:\/\/www.sudoestehoje.com.br\/novoportal\/2022\/02\/11\/itapetinga-mais-2-mortes-por-covid-19-foram-registradas-nas-ultimas-24-horas\/","title":{"rendered":"ITAPETINGA: MAIS 2 MORTES POR COVID-19 FORAM REGISTRADAS NAS \u00daLTIMAS 24 HORAS"},"content":{"rendered":"<p><a href=\"https:\/\/www.sudoestehoje.com.br\/novoportal\/wp-content\/uploads\/2022\/02\/IMG_20210313_101210.jpg\"><img loading=\"lazy\" decoding=\"async\" class=\"aligncenter size-medium wp-image-100276\" src=\"https:\/\/www.sudoestehoje.com.br\/novoportal\/wp-content\/uploads\/2022\/02\/IMG_20210313_101210-500x297.jpg\" alt=\"\" width=\"500\" height=\"297\" srcset=\"https:\/\/www.sudoestehoje.com.br\/novoportal\/wp-content\/uploads\/2022\/02\/IMG_20210313_101210-500x297.jpg 500w, https:\/\/www.sudoestehoje.com.br\/novoportal\/wp-content\/uploads\/2022\/02\/IMG_20210313_101210-700x416.jpg 700w, https:\/\/www.sudoestehoje.com.br\/novoportal\/wp-content\/uploads\/2022\/02\/IMG_20210313_101210-768x456.jpg 768w, https:\/\/www.sudoestehoje.com.br\/novoportal\/wp-content\/uploads\/2022\/02\/IMG_20210313_101210.jpg 1000w\" sizes=\"auto, (max-width: 500px) 100vw, 500px\" \/><\/a><\/p>\n<p>Dois novos \u00f3bitos por Coronav\u00edrus foram registrados em Itapetinga, nas \u00faltimas 24 horas, de acordo com o boletim di\u00e1rio da Secretaria Municipal de Sa\u00fade, desta sexta-feira (11), elevando para 169 o n\u00famero total de mortes no munic\u00edpio, durante a pandemia.<\/p>\n<p>Apesar das mortes, o n\u00famero de casos ativos caiu de 345 para 296.<\/p>\n<p>A Bahia registrou, nas \u00faltimas 24h, 8.659 novos casos conhecidos de Covid-19, conforme boletim divulgado pela Secretaria de Sa\u00fade do Estado (Sesab) nesta sexta-feira (11).\u00a0<span class=\"highlight highlighted\">No total, 30.246 casos est\u00e3o ativos<\/span>. Al\u00e9m disso, 49 pessoas morreram em decorr\u00eancia da doen\u00e7a.<\/p>\n<p><strong><em>Por Davi Ferraz<\/em><\/strong><\/p>\n","protected":false},"excerpt":{"rendered":"<p>Dois novos \u00f3bitos por Coronav\u00edrus foram registrados em Itapetinga, nas \u00faltimas 24 horas, de acordo com o boletim di\u00e1rio da Secretaria Municipal de Sa\u00fade, desta sexta-feira (11), elevando para 169 o n\u00famero total de mortes no munic\u00edpio, durante a pandemia. Apesar das mortes, o n\u00famero de casos ativos caiu de 345 para 296. A Bahia [&hellip;]<\/p>\n","protected":false},"author":2,"featured_media":100276,"comment_status":"open","ping_status":"open","sticky":false,"template":"","format":"standard","meta":{"footnotes":"","_links_to":"","_links_to_target":""},"categories":[1],"tags":[],"class_list":["post-100274","post","type-post","status-publish","format-standard","has-post-thumbnail","hentry","category-geral"],"views":1067,"_links":{"self":[{"href":"https:\/\/www.sudoestehoje.com.br\/novoportal\/wp-json\/wp\/v2\/posts\/100274","targetHints":{"allow":["GET"]}}],"collection":[{"href":"https:\/\/www.sudoestehoje.com.br\/novoportal\/wp-json\/wp\/v2\/posts"}],"about":[{"href":"https:\/\/www.sudoestehoje.com.br\/novoportal\/wp-json\/wp\/v2\/types\/post"}],"author":[{"embeddable":true,"href":"https:\/\/www.sudoestehoje.com.br\/novoportal\/wp-json\/wp\/v2\/users\/2"}],"replies":[{"embeddable":true,"href":"https:\/\/www.sudoestehoje.com.br\/novoportal\/wp-json\/wp\/v2\/comments?post=100274"}],"version-history":[{"count":3,"href":"https:\/\/www.sudoestehoje.com.br\/novoportal\/wp-json\/wp\/v2\/posts\/100274\/revisions"}],"predecessor-version":[{"id":100302,"href":"https:\/\/www.sudoestehoje.com.br\/novoportal\/wp-json\/wp\/v2\/posts\/100274\/revisions\/100302"}],"wp:featuredmedia":[{"embeddable":true,"href":"https:\/\/www.sudoestehoje.com.br\/novoportal\/wp-json\/wp\/v2\/media\/100276"}],"wp:attachment":[{"href":"https:\/\/www.sudoestehoje.com.br\/novoportal\/wp-json\/wp\/v2\/media?parent=100274"}],"wp:term":[{"taxonomy":"category","embeddable":true,"href":"https:\/\/www.sudoestehoje.com.br\/novoportal\/wp-json\/wp\/v2\/categories?post=100274"},{"taxonomy":"post_tag","embeddable":true,"href":"https:\/\/www.sudoestehoje.com.br\/novoportal\/wp-json\/wp\/v2\/tags?post=100274"}],"curies":[{"name":"wp","href":"https:\/\/api.w.org\/{rel}","templated":true}]}}