
{"id":100264,"date":"2022-02-11T20:19:56","date_gmt":"2022-02-11T23:19:56","guid":{"rendered":"https:\/\/www.sudoestehoje.com.br\/novoportal\/?p=100264"},"modified":"2022-02-11T20:22:39","modified_gmt":"2022-02-11T23:22:39","slug":"acordo-para-joao-leao-ser-governador-com-rui-disputando-o-senado-pode-vingar-diz-coluna-do-correio","status":"publish","type":"post","link":"https:\/\/www.sudoestehoje.com.br\/novoportal\/2022\/02\/11\/acordo-para-joao-leao-ser-governador-com-rui-disputando-o-senado-pode-vingar-diz-coluna-do-correio\/","title":{"rendered":"ACORDO PARA JO\u00c3O LE\u00c3O SER GOVERNADOR COM RUI DISPUTANDO O SENADO PODE VINGAR, DIZ COLUNA DO CORREIO"},"content":{"rendered":"<p><a href=\"https:\/\/www.sudoestehoje.com.br\/novoportal\/wp-content\/uploads\/2022\/02\/safe_image-3.jpg\"><img loading=\"lazy\" decoding=\"async\" class=\"aligncenter size-full wp-image-100270\" src=\"https:\/\/www.sudoestehoje.com.br\/novoportal\/wp-content\/uploads\/2022\/02\/safe_image-3.jpg\" alt=\"\" width=\"500\" height=\"261\" \/><\/a><\/p>\n<p>A temporada de articula\u00e7\u00f5es e acordos para forma\u00e7\u00e3o das chapas majorit\u00e1rias para disputa do governo da Bahia e senado, est\u00e3o a pleno vapor e em ebuli\u00e7\u00e3o, principalmente nas hostes governistas.<\/p>\n<p>Nesta sexta (11), a coluna &#8216;Al\u00f4 Al\u00f4 Pol\u00edtica, do Jornal Correio da Bahia, trouxe a informa\u00e7\u00e3o de que um acordo entre a c\u00fapula petista e o vice-governador Jo\u00e3o Le\u00e3o (PP) estaria sendo costurado, para o pepista assumir o governo da Bahia a partir de abril, com o afastamento de Rui Costa para disputar o senado. Otto, por sua vez, assumiria a vaga de vice da chapa encabe\u00e7ada por Wagner.<\/p>\n<p>A costura pode\u00a0 parecer simples, mas est\u00e1 dando um reboli\u00e7o danado nas partidos da base governista, principalmente no PSD de Otto, que n\u00e3o quer nem saber da conversa e j\u00e1 avisou que vai mesmo disputar o senado. N\u00e3o quer conversa.<\/p>\n<p>ACM Neto assiste tudo de camarote e j\u00e1 conversa com poss\u00edveis dissidentes da base do governo, que n\u00e3o s\u00e3o poucos.<\/p>\n<p><strong><em>Por Davi Ferraz<\/em><\/strong><\/p>\n","protected":false},"excerpt":{"rendered":"<p>A temporada de articula\u00e7\u00f5es e acordos para forma\u00e7\u00e3o das chapas majorit\u00e1rias para disputa do governo da Bahia e senado, est\u00e3o a pleno vapor e em ebuli\u00e7\u00e3o, principalmente nas hostes governistas. Nesta sexta (11), a coluna &#8216;Al\u00f4 Al\u00f4 Pol\u00edtica, do Jornal Correio da Bahia, trouxe a informa\u00e7\u00e3o de que um acordo entre a c\u00fapula petista e [&hellip;]<\/p>\n","protected":false},"author":2,"featured_media":100270,"comment_status":"open","ping_status":"open","sticky":false,"template":"","format":"standard","meta":{"footnotes":"","_links_to":"","_links_to_target":""},"categories":[1],"tags":[],"class_list":["post-100264","post","type-post","status-publish","format-standard","has-post-thumbnail","hentry","category-geral"],"views":958,"_links":{"self":[{"href":"https:\/\/www.sudoestehoje.com.br\/novoportal\/wp-json\/wp\/v2\/posts\/100264","targetHints":{"allow":["GET"]}}],"collection":[{"href":"https:\/\/www.sudoestehoje.com.br\/novoportal\/wp-json\/wp\/v2\/posts"}],"about":[{"href":"https:\/\/www.sudoestehoje.com.br\/novoportal\/wp-json\/wp\/v2\/types\/post"}],"author":[{"embeddable":true,"href":"https:\/\/www.sudoestehoje.com.br\/novoportal\/wp-json\/wp\/v2\/users\/2"}],"replies":[{"embeddable":true,"href":"https:\/\/www.sudoestehoje.com.br\/novoportal\/wp-json\/wp\/v2\/comments?post=100264"}],"version-history":[{"count":8,"href":"https:\/\/www.sudoestehoje.com.br\/novoportal\/wp-json\/wp\/v2\/posts\/100264\/revisions"}],"predecessor-version":[{"id":100273,"href":"https:\/\/www.sudoestehoje.com.br\/novoportal\/wp-json\/wp\/v2\/posts\/100264\/revisions\/100273"}],"wp:featuredmedia":[{"embeddable":true,"href":"https:\/\/www.sudoestehoje.com.br\/novoportal\/wp-json\/wp\/v2\/media\/100270"}],"wp:attachment":[{"href":"https:\/\/www.sudoestehoje.com.br\/novoportal\/wp-json\/wp\/v2\/media?parent=100264"}],"wp:term":[{"taxonomy":"category","embeddable":true,"href":"https:\/\/www.sudoestehoje.com.br\/novoportal\/wp-json\/wp\/v2\/categories?post=100264"},{"taxonomy":"post_tag","embeddable":true,"href":"https:\/\/www.sudoestehoje.com.br\/novoportal\/wp-json\/wp\/v2\/tags?post=100264"}],"curies":[{"name":"wp","href":"https:\/\/api.w.org\/{rel}","templated":true}]}}