
{"id":100232,"date":"2022-02-09T10:22:13","date_gmt":"2022-02-09T13:22:13","guid":{"rendered":"https:\/\/www.sudoestehoje.com.br\/novoportal\/?p=100232"},"modified":"2022-02-09T10:22:13","modified_gmt":"2022-02-09T13:22:13","slug":"adriano-alcantara-diz-que-rodrigo-e-a-pessoa-certa-para-governar-itapetinga","status":"publish","type":"post","link":"https:\/\/www.sudoestehoje.com.br\/novoportal\/2022\/02\/09\/adriano-alcantara-diz-que-rodrigo-e-a-pessoa-certa-para-governar-itapetinga\/","title":{"rendered":"ADRIANO ALC\u00c2NTARA DIZ QUE RODRIGO \u00c9 A PESSOA CERTA PARA GOVERNAR ITAPETINGA"},"content":{"rendered":"<p><a href=\"https:\/\/www.sudoestehoje.com.br\/novoportal\/wp-content\/uploads\/2022\/02\/WhatsApp-Image-2022-02-09-at-10.19.21.jpeg\"><img loading=\"lazy\" decoding=\"async\" class=\"aligncenter size-medium wp-image-100233\" src=\"https:\/\/www.sudoestehoje.com.br\/novoportal\/wp-content\/uploads\/2022\/02\/WhatsApp-Image-2022-02-09-at-10.19.21-500x354.jpeg\" alt=\"\" width=\"500\" height=\"354\" srcset=\"https:\/\/www.sudoestehoje.com.br\/novoportal\/wp-content\/uploads\/2022\/02\/WhatsApp-Image-2022-02-09-at-10.19.21-500x354.jpeg 500w, https:\/\/www.sudoestehoje.com.br\/novoportal\/wp-content\/uploads\/2022\/02\/WhatsApp-Image-2022-02-09-at-10.19.21-700x496.jpeg 700w, https:\/\/www.sudoestehoje.com.br\/novoportal\/wp-content\/uploads\/2022\/02\/WhatsApp-Image-2022-02-09-at-10.19.21-768x544.jpeg 768w, https:\/\/www.sudoestehoje.com.br\/novoportal\/wp-content\/uploads\/2022\/02\/WhatsApp-Image-2022-02-09-at-10.19.21-1536x1088.jpeg 1536w, https:\/\/www.sudoestehoje.com.br\/novoportal\/wp-content\/uploads\/2022\/02\/WhatsApp-Image-2022-02-09-at-10.19.21.jpeg 1600w\" sizes=\"auto, (max-width: 500px) 100vw, 500px\" \/><\/a><\/p>\n<p>Afastado da pol\u00edtica local desde as elei\u00e7\u00f5es de 2016, quando conquistou a 2\u00aa coloca\u00e7\u00e3o como candidato a prefeito de Itapetinga, o advogado e pecuarista <strong>Adriano Alc\u00e2ntara<\/strong> (ex-PSDB) conversou informalmente com o editor do Sudoeste Hoje, na tarde desta ter\u00e7a-feira (8), e fez algumas considera\u00e7\u00f5es sobre a pol\u00edtica local, da qual afirmou estar definitivamente afastado, por raz\u00f5es de convic\u00e7\u00e3o pessoal.<\/p>\n<p>O encontro aconteceu na<strong> HB Sementes<\/strong>, do tamb\u00e9m pecuarista e empres\u00e1rio <strong>Henrique Brugni<\/strong>, que comp\u00f4s a chapa do PSDB em 2016, como vice de Adriano. Coincidentemente, tamb\u00e9m estava presente no local o pecuarista <strong>Dedequinho Moreira<\/strong>, filho de Ded\u00e9 Moreira, um dos principais articuladores da chapa Adriano\/Henrique, em 2016.<\/p>\n<p>Em conversa descontra\u00edda, Adriano afirmou que jamais se afastou de Itapetinga, onde continua residindo, apesar dos boatos de que teria se mudado para Salvador, o que jamais ocorreu.<\/p>\n<p>Sobre a pol\u00edtica local, Adriano afirmou que Itapetinga est\u00e1 em boas m\u00e3os e que Rodrigo Hagge \u00e9 a &#8220;pessoa certa&#8221; para administrar a cidade, pelo seu perfil de pol\u00edtico habilidoso, com chance de fazer uma grande carreira pol\u00edtica em Itapetinga e na Bahia.<\/p>\n<p>As camisas vermelhas na foto s\u00e3o mera coincid\u00eancia&#8230;<\/p>\n<p><em><strong>Por Davi Ferraz\u00a0<\/strong><\/em><\/p>\n","protected":false},"excerpt":{"rendered":"<p>Afastado da pol\u00edtica local desde as elei\u00e7\u00f5es de 2016, quando conquistou a 2\u00aa coloca\u00e7\u00e3o como candidato a prefeito de Itapetinga, o advogado e pecuarista Adriano Alc\u00e2ntara (ex-PSDB) conversou informalmente com o editor do Sudoeste Hoje, na tarde desta ter\u00e7a-feira (8), e fez algumas considera\u00e7\u00f5es sobre a pol\u00edtica local, da qual afirmou estar definitivamente afastado, por [&hellip;]<\/p>\n","protected":false},"author":2,"featured_media":100233,"comment_status":"open","ping_status":"open","sticky":false,"template":"","format":"standard","meta":{"footnotes":"","_links_to":"","_links_to_target":""},"categories":[1],"tags":[],"class_list":["post-100232","post","type-post","status-publish","format-standard","has-post-thumbnail","hentry","category-geral"],"views":978,"_links":{"self":[{"href":"https:\/\/www.sudoestehoje.com.br\/novoportal\/wp-json\/wp\/v2\/posts\/100232","targetHints":{"allow":["GET"]}}],"collection":[{"href":"https:\/\/www.sudoestehoje.com.br\/novoportal\/wp-json\/wp\/v2\/posts"}],"about":[{"href":"https:\/\/www.sudoestehoje.com.br\/novoportal\/wp-json\/wp\/v2\/types\/post"}],"author":[{"embeddable":true,"href":"https:\/\/www.sudoestehoje.com.br\/novoportal\/wp-json\/wp\/v2\/users\/2"}],"replies":[{"embeddable":true,"href":"https:\/\/www.sudoestehoje.com.br\/novoportal\/wp-json\/wp\/v2\/comments?post=100232"}],"version-history":[{"count":3,"href":"https:\/\/www.sudoestehoje.com.br\/novoportal\/wp-json\/wp\/v2\/posts\/100232\/revisions"}],"predecessor-version":[{"id":100236,"href":"https:\/\/www.sudoestehoje.com.br\/novoportal\/wp-json\/wp\/v2\/posts\/100232\/revisions\/100236"}],"wp:featuredmedia":[{"embeddable":true,"href":"https:\/\/www.sudoestehoje.com.br\/novoportal\/wp-json\/wp\/v2\/media\/100233"}],"wp:attachment":[{"href":"https:\/\/www.sudoestehoje.com.br\/novoportal\/wp-json\/wp\/v2\/media?parent=100232"}],"wp:term":[{"taxonomy":"category","embeddable":true,"href":"https:\/\/www.sudoestehoje.com.br\/novoportal\/wp-json\/wp\/v2\/categories?post=100232"},{"taxonomy":"post_tag","embeddable":true,"href":"https:\/\/www.sudoestehoje.com.br\/novoportal\/wp-json\/wp\/v2\/tags?post=100232"}],"curies":[{"name":"wp","href":"https:\/\/api.w.org\/{rel}","templated":true}]}}